{"id":1262,"date":"2024-02-27T10:18:35","date_gmt":"2024-02-27T09:18:35","guid":{"rendered":"https:\/\/agora.xtec.cat\/escolaandersen\/?p=1262"},"modified":"2024-02-27T10:23:50","modified_gmt":"2024-02-27T09:23:50","slug":"preinscripcio-escolar-curs-2024-2025","status":"publish","type":"post","link":"https:\/\/agora.xtec.cat\/escolaandersen\/general\/preinscripcio-escolar-curs-2024-2025\/","title":{"rendered":"PREINSCRIPCI\u00d3 ESCOLAR CURS 2024-2025"},"content":{"rendered":"<p>&nbsp;<\/p>\n<p>Benvolgudes fam\u00edlies,<\/p>\n<p>El proc\u00e9s de preinscripci\u00f3 comen\u00e7a el dia 6 de mar\u00e7 i acaba el dia 20 de mar\u00e7 per l&#8217;alumnat d&#8217;educaci\u00f3 infantil i educaci\u00f3 prim\u00e0ria. Per l&#8217;alumnat de secund\u00e0ria obligat\u00f2ria va del 8 al 20 de mar\u00e7. El proc\u00e9s \u00e9s el mateix en el sup\u00f2sit que estigueu interessats\/des a canviar de centre.<\/p>\n<p>A la p\u00e0gina web del Departament d&#8217;Educaci\u00f3 trobareu aquesta i m\u00e9s informaci\u00f3:<\/p>\n<p><a href=\"https:\/\/agora.xtec.cat\/escolaandersen\/wp-content\/uploads\/usu2380\/2024\/02\/Captura-de-pantalla-2024-02-27-101510.png\"><img loading=\"lazy\" decoding=\"async\" class=\"alignnone size-large wp-image-1266\" src=\"https:\/\/agora.xtec.cat\/escolaandersen\/wp-content\/uploads\/usu2380\/2024\/02\/Captura-de-pantalla-2024-02-27-101510-1024x169.png\" alt=\"\" width=\"1024\" height=\"169\" srcset=\"https:\/\/agora.xtec.cat\/escolaandersen\/wp-content\/uploads\/usu2380\/2024\/02\/Captura-de-pantalla-2024-02-27-101510-1024x169.png 1024w, https:\/\/agora.xtec.cat\/escolaandersen\/wp-content\/uploads\/usu2380\/2024\/02\/Captura-de-pantalla-2024-02-27-101510-300x50.png 300w, https:\/\/agora.xtec.cat\/escolaandersen\/wp-content\/uploads\/usu2380\/2024\/02\/Captura-de-pantalla-2024-02-27-101510-768x127.png 768w, https:\/\/agora.xtec.cat\/escolaandersen\/wp-content\/uploads\/usu2380\/2024\/02\/Captura-de-pantalla-2024-02-27-101510.png 1148w\" sizes=\"auto, (max-width: 1024px) 100vw, 1024px\" \/><\/a><\/p>\n<p style=\"text-align: center;\"><a href=\"https:\/\/agora.xtec.cat\/escolaandersen\/wp-content\/uploads\/usu2380\/2024\/02\/boton-de-panico.png\"><img loading=\"lazy\" decoding=\"async\" class=\"alignnone  wp-image-1272\" src=\"https:\/\/agora.xtec.cat\/escolaandersen\/wp-content\/uploads\/usu2380\/2024\/02\/boton-de-panico.png\" alt=\"\" width=\"35\" height=\"35\" srcset=\"https:\/\/agora.xtec.cat\/escolaandersen\/wp-content\/uploads\/usu2380\/2024\/02\/boton-de-panico.png 512w, https:\/\/agora.xtec.cat\/escolaandersen\/wp-content\/uploads\/usu2380\/2024\/02\/boton-de-panico-300x300.png 300w, https:\/\/agora.xtec.cat\/escolaandersen\/wp-content\/uploads\/usu2380\/2024\/02\/boton-de-panico-150x150.png 150w\" sizes=\"auto, (max-width: 35px) 100vw, 35px\" \/>\u00a0\u00a0<\/a><a href=\"https:\/\/preinscripcio.gencat.cat\/ca\/inici\/index.html\" target=\"_blank\" rel=\"noopener\">INFORMACI\u00d3 PREINSCRIPCI\u00d3<\/a><\/p>\n<p>Aqu\u00ed trobareu el calendari del proc\u00e9s:<\/p>\n<table width=\"94%\">\n<tbody>\n<tr>\n<td style=\"text-align: center;\" width=\"374\"><b>Fases de la preinscripci\u00f3\u200b<\/b><\/td>\n<td style=\"text-align: center;\" width=\"170\"><strong>Dates<\/strong><\/td>\n<\/tr>\n<tr>\n<td style=\"text-align: center;\" width=\"374\"><strong>Presentaci\u00f3 i\/o modificaci\u00f3 de sol\u00b7licituds 2n cicle d\u2019educaci\u00f3 infantil i prim\u00e0ria<\/strong><\/td>\n<td style=\"text-align: center;\" width=\"170\"><strong>Del 6 al 20 de mar\u00e7<\/strong><\/td>\n<\/tr>\n<tr>\n<td style=\"text-align: center;\" width=\"374\">Presentaci\u00f3 de documentaci\u00f3<\/td>\n<td style=\"text-align: center;\" width=\"170\">21 i 22 de mar\u00e7<\/td>\n<\/tr>\n<tr>\n<td style=\"text-align: center;\" width=\"374\"><strong>Publicaci\u00f3 de la llista de sol\u00b7licituds amb la puntuaci\u00f3 provisional<\/strong><\/td>\n<td style=\"text-align: center;\" width=\"170\"><strong>17 d\u2019abril<\/strong><\/td>\n<\/tr>\n<tr>\n<td style=\"text-align: center;\" width=\"374\">Presentaci\u00f3 de reclamacions per\u00a0a la llista amb la puntuaci\u00f3 provisional<\/td>\n<td style=\"text-align: center;\" width=\"170\">Del 17 al 22 d\u2019abril<\/td>\n<\/tr>\n<tr>\n<td style=\"text-align: center;\" width=\"374\"><strong>Publicaci\u00f3 de la llista amb la puntuaci\u00f3, un cop\u00a0resoltes les reclamacions<\/strong><\/td>\n<td style=\"text-align: center;\" width=\"170\"><strong>25 d\u2019abril<\/strong><\/td>\n<\/tr>\n<tr>\n<td style=\"text-align: center;\" width=\"374\"><strong>Sorteig<\/strong><\/td>\n<td style=\"text-align: center;\" width=\"170\"><strong>30 d\u2019abril<\/strong><\/td>\n<\/tr>\n<tr>\n<td style=\"text-align: center;\" width=\"374\">Publicaci\u00f3 de la llista ordenada<\/td>\n<td style=\"text-align: center;\" width=\"170\">2 de maig<\/td>\n<\/tr>\n<tr>\n<td style=\"text-align: center;\" width=\"374\">Ampliaci\u00f3 de peticions \u2013per a\u00a0aquells que necessiten assignaci\u00f3 d\u2019ofici i no s\u2019han assignat per petici\u00f3 original- (fam\u00edlies)<\/td>\n<td style=\"text-align: center;\" width=\"170\">14 i 15 de maig alumnat amb NEE i del 29 al 31 de maig per l\u2019alumnat ordinari<\/td>\n<\/tr>\n<tr>\n<td style=\"text-align: center;\" width=\"374\">Publicaci\u00f3 de l\u2019oferta final<\/td>\n<td style=\"text-align: center;\" width=\"170\">9 de juny<\/td>\n<\/tr>\n<tr>\n<td style=\"text-align: center;\" width=\"374\"><strong>Publicaci\u00f3 de la llista d\u2019admesos i la llista d\u2019espera<\/strong><\/td>\n<td style=\"text-align: center;\" width=\"170\"><strong>7 de juny<\/strong><\/td>\n<\/tr>\n<tr>\n<td style=\"text-align: center;\" width=\"374\">\u200b\u200b<strong>Per\u00edode de matriculaci\u00f3\u00a0<\/strong><\/td>\n<td style=\"text-align: center;\" width=\"170\"><strong>Del 18 al 26 de juny<\/strong><\/td>\n<\/tr>\n<tr>\n<td style=\"text-align: center;\" width=\"374\">Llistes d\u2019alumnes matriculats procedents de preinscripci\u00f3 i nova admissi\u00f3<\/td>\n<td style=\"text-align: center;\" width=\"170\">30 de setembre<\/td>\n<\/tr>\n<\/tbody>\n<\/table>\n<p>Per qualsevol dubte, us podeu posar en contacte amb l&#8217;escola:<\/p>\n<p>Tel\u00e8fon: 938851795<\/p>\n<p>Correu electr\u00f2nic: escolaandersen@andersen.cat<\/p>\n<h3><\/h3>\n<div class=\"addtoany_share_save_container addtoany_content addtoany_content_bottom\">\n<div class=\"a2a_kit a2a_kit_size_32 addtoany_list\" data-a2a-url=\"https:\/\/agora.xtec.cat\/escolasetelsis\/general\/preinscripcio-escolar-curs-2024-2025\/\" data-a2a-title=\"PREINSCRIPCI\u00d3 ESCOLAR CURS 2024-2025\"><a class=\"a2a_dd addtoany_share_save addtoany_share\" href=\"https:\/\/www.addtoany.com\/share#url=https%3A%2F%2Fagora.xtec.cat%2Fescolasetelsis%2Fgeneral%2Fpreinscripcio-escolar-curs-2024-2025%2F&amp;title=PREINSCRIPCI%C3%93%20ESCOLAR%20CURS%202024-2025\"><span class=\"a2a_label a2a_localize\" data-a2a-localize=\"inner,Share\">Compartir<\/span><\/a><\/div>\n<\/div>\n","protected":false},"excerpt":{"rendered":"<p>&nbsp;<br \/>\nBenvolgudes fam\u00edlies,<br \/>\nEl proc\u00e9s de preinscripci\u00f3 comen\u00e7a el dia 6 de mar\u00e7 i acaba el dia 20 de mar\u00e7 per l&#8217;alumnat d&#8217;educaci\u00f3 infantil i educaci\u00f3 prim\u00e0ria. Per l&#8217;alumnat de secund\u00e0ria obligat\u00f2ria va del 8 al 20 de mar\u00e7. El proc\u00e9s \u00e9s el mateix en el sup\u00f2sit&hellip;  <a href=\"https:\/\/agora.xtec.cat\/escolaandersen\/general\/preinscripcio-escolar-curs-2024-2025\/\" title=\"Read PREINSCRIPCI\u00d3 ESCOLAR CURS 2024-2025\">Llegeix m\u00e9s\u00bb<\/a><\/p>\n","protected":false},"author":4,"featured_media":1267,"comment_status":"open","ping_status":"closed","sticky":false,"template":"","format":"standard","meta":{"_bbp_topic_count":0,"_bbp_reply_count":0,"_bbp_total_topic_count":0,"_bbp_total_reply_count":0,"_bbp_voice_count":0,"_bbp_anonymous_reply_count":0,"_bbp_topic_count_hidden":0,"_bbp_reply_count_hidden":0,"_bbp_forum_subforum_count":0,"footnotes":""},"categories":[1,4],"tags":[],"class_list":["post-1262","post","type-post","status-publish","format-standard","has-post-thumbnail","hentry","category-general","category-portada"],"post_mailing_queue_ids":[],"_links":{"self":[{"href":"https:\/\/agora.xtec.cat\/escolaandersen\/wp-json\/wp\/v2\/posts\/1262","targetHints":{"allow":["GET"]}}],"collection":[{"href":"https:\/\/agora.xtec.cat\/escolaandersen\/wp-json\/wp\/v2\/posts"}],"about":[{"href":"https:\/\/agora.xtec.cat\/escolaandersen\/wp-json\/wp\/v2\/types\/post"}],"author":[{"embeddable":true,"href":"https:\/\/agora.xtec.cat\/escolaandersen\/wp-json\/wp\/v2\/users\/4"}],"replies":[{"embeddable":true,"href":"https:\/\/agora.xtec.cat\/escolaandersen\/wp-json\/wp\/v2\/comments?post=1262"}],"version-history":[{"count":6,"href":"https:\/\/agora.xtec.cat\/escolaandersen\/wp-json\/wp\/v2\/posts\/1262\/revisions"}],"predecessor-version":[{"id":1273,"href":"https:\/\/agora.xtec.cat\/escolaandersen\/wp-json\/wp\/v2\/posts\/1262\/revisions\/1273"}],"wp:featuredmedia":[{"embeddable":true,"href":"https:\/\/agora.xtec.cat\/escolaandersen\/wp-json\/wp\/v2\/media\/1267"}],"wp:attachment":[{"href":"https:\/\/agora.xtec.cat\/escolaandersen\/wp-json\/wp\/v2\/media?parent=1262"}],"wp:term":[{"taxonomy":"category","embeddable":true,"href":"https:\/\/agora.xtec.cat\/escolaandersen\/wp-json\/wp\/v2\/categories?post=1262"},{"taxonomy":"post_tag","embeddable":true,"href":"https:\/\/agora.xtec.cat\/escolaandersen\/wp-json\/wp\/v2\/tags?post=1262"}],"curies":[{"name":"wp","href":"https:\/\/api.w.org\/{rel}","templated":true}]}}