{"id":1195,"date":"2024-02-09T16:57:55","date_gmt":"2024-02-09T15:57:55","guid":{"rendered":"https:\/\/agora.xtec.cat\/escolaandersen\/?p=1195"},"modified":"2024-02-09T17:00:47","modified_gmt":"2024-02-09T16:00:47","slug":"setmana-de-carnaval","status":"publish","type":"post","link":"https:\/\/agora.xtec.cat\/escolaandersen\/general\/setmana-de-carnaval\/","title":{"rendered":"Setmana de Carnaval"},"content":{"rendered":"<p>Benvolgudes fam\u00edlies,<\/p>\n<p>Aquesta setmana hem gaudit de diferents activitats de Carnaval. El dilluns va arribar el Rei Carnestoltes que enguany era la intel\u00b7lig\u00e8ncia artificial i ens va manar les consignes de tota la setmana: anar en pijama, unes ulleres ben divertides i portar una creu als llavis. Els infants de I5 van elaborar la tradicional coca de llardons per compartir amb els seus companys i companyes de cicle.<\/p>\n<p>El dijous vam celebrar el dijous llarder a l&#8217;esplanada de l&#8217;alberg per gaudir d&#8217;una tarda compartida entre petits i grans de l&#8217;escola. I per fi, arriba el Dia de Carnaval que tots esper\u00e0vem. Un dia de disbauxa envoltats de monstres, princeses, lladres, pirates&#8230; Al mat\u00ed l&#8217;alumnat de 5\u00e8 ens ha delectat amb una batucada per animar la rua que hem hagut de fer als porxos a causa de la pluja. Despr\u00e9s, a la tarda, hem gaudit dels balls dels diferents cursos i les actuacions dels guanyadors i guanyadores del concurs de talents realitzat al migdia. I per acabar la festa, hem fet el judici i la crema del Rei Carnestoltes.<\/p>\n<p>Al Drive del vostre compte de l&#8217;escola trobareu fotos de tota la setmana.<\/p>\n<p><a href=\"https:\/\/agora.xtec.cat\/escolaandersen\/wp-content\/uploads\/usu2380\/2024\/02\/foto-ok.png\"><img loading=\"lazy\" decoding=\"async\" class=\"alignnone size-full wp-image-1202\" src=\"https:\/\/agora.xtec.cat\/escolaandersen\/wp-content\/uploads\/usu2380\/2024\/02\/foto-ok.png\" alt=\"\" width=\"846\" height=\"623\" srcset=\"https:\/\/agora.xtec.cat\/escolaandersen\/wp-content\/uploads\/usu2380\/2024\/02\/foto-ok.png 846w, https:\/\/agora.xtec.cat\/escolaandersen\/wp-content\/uploads\/usu2380\/2024\/02\/foto-ok-300x221.png 300w, https:\/\/agora.xtec.cat\/escolaandersen\/wp-content\/uploads\/usu2380\/2024\/02\/foto-ok-768x566.png 768w\" sizes=\"auto, (max-width: 846px) 100vw, 846px\" \/><\/a><\/p>\n<p><a href=\"https:\/\/agora.xtec.cat\/escolaandersen\/wp-content\/uploads\/usu2380\/2024\/02\/IMG_6017.heic\"><img decoding=\"async\" class=\"alignnone size-full wp-image-1198\" src=\"https:\/\/agora.xtec.cat\/escolaandersen\/wp-content\/uploads\/usu2380\/2024\/02\/IMG_6017.heic\" alt=\"\" \/><\/a><\/p>\n<p>&nbsp;<\/p>\n<p>&nbsp;<\/p>\n<p>&nbsp;<\/p>\n<p><a href=\"https:\/\/agora.xtec.cat\/escolaandersen\/wp-content\/uploads\/usu2380\/2024\/02\/IMG_6017.heic\"><img decoding=\"async\" class=\"alignnone size-full wp-image-1198\" src=\"https:\/\/agora.xtec.cat\/escolaandersen\/wp-content\/uploads\/usu2380\/2024\/02\/IMG_6017.heic\" alt=\"\" \/><\/a><\/p>\n","protected":false},"excerpt":{"rendered":"<p>Benvolgudes fam\u00edlies,<br \/>\nAquesta setmana hem gaudit de diferents activitats de Carnaval. El dilluns va arribar el Rei Carnestoltes que enguany era la intel\u00b7lig\u00e8ncia artificial i ens va manar les consignes de tota la setmana: anar en pijama, unes ulleres ben divertides i portar una creu als&hellip;  <a href=\"https:\/\/agora.xtec.cat\/escolaandersen\/general\/setmana-de-carnaval\/\" title=\"Read Setmana de Carnaval\">Llegeix m\u00e9s\u00bb<\/a><\/p>\n","protected":false},"author":4,"featured_media":1206,"comment_status":"open","ping_status":"closed","sticky":false,"template":"","format":"standard","meta":{"_bbp_topic_count":0,"_bbp_reply_count":0,"_bbp_total_topic_count":0,"_bbp_total_reply_count":0,"_bbp_voice_count":0,"_bbp_anonymous_reply_count":0,"_bbp_topic_count_hidden":0,"_bbp_reply_count_hidden":0,"_bbp_forum_subforum_count":0,"footnotes":""},"categories":[1,4],"tags":[],"class_list":["post-1195","post","type-post","status-publish","format-standard","has-post-thumbnail","hentry","category-general","category-portada"],"post_mailing_queue_ids":[],"_links":{"self":[{"href":"https:\/\/agora.xtec.cat\/escolaandersen\/wp-json\/wp\/v2\/posts\/1195","targetHints":{"allow":["GET"]}}],"collection":[{"href":"https:\/\/agora.xtec.cat\/escolaandersen\/wp-json\/wp\/v2\/posts"}],"about":[{"href":"https:\/\/agora.xtec.cat\/escolaandersen\/wp-json\/wp\/v2\/types\/post"}],"author":[{"embeddable":true,"href":"https:\/\/agora.xtec.cat\/escolaandersen\/wp-json\/wp\/v2\/users\/4"}],"replies":[{"embeddable":true,"href":"https:\/\/agora.xtec.cat\/escolaandersen\/wp-json\/wp\/v2\/comments?post=1195"}],"version-history":[{"count":6,"href":"https:\/\/agora.xtec.cat\/escolaandersen\/wp-json\/wp\/v2\/posts\/1195\/revisions"}],"predecessor-version":[{"id":1205,"href":"https:\/\/agora.xtec.cat\/escolaandersen\/wp-json\/wp\/v2\/posts\/1195\/revisions\/1205"}],"wp:featuredmedia":[{"embeddable":true,"href":"https:\/\/agora.xtec.cat\/escolaandersen\/wp-json\/wp\/v2\/media\/1206"}],"wp:attachment":[{"href":"https:\/\/agora.xtec.cat\/escolaandersen\/wp-json\/wp\/v2\/media?parent=1195"}],"wp:term":[{"taxonomy":"category","embeddable":true,"href":"https:\/\/agora.xtec.cat\/escolaandersen\/wp-json\/wp\/v2\/categories?post=1195"},{"taxonomy":"post_tag","embeddable":true,"href":"https:\/\/agora.xtec.cat\/escolaandersen\/wp-json\/wp\/v2\/tags?post=1195"}],"curies":[{"name":"wp","href":"https:\/\/api.w.org\/{rel}","templated":true}]}}