{"id":1189,"date":"2024-02-16T21:08:52","date_gmt":"2024-02-16T20:08:52","guid":{"rendered":"https:\/\/agora.xtec.cat\/escolaandersen\/?p=1189"},"modified":"2024-02-16T21:08:52","modified_gmt":"2024-02-16T20:08:52","slug":"afa-informa-39","status":"publish","type":"post","link":"https:\/\/agora.xtec.cat\/escolaandersen\/afa\/afa-informa-39\/","title":{"rendered":"AFA informa 39"},"content":{"rendered":"<p><a href=\"https:\/\/agora.xtec.cat\/escolaandersen\/wp-content\/uploads\/usu2380\/2023\/11\/cap_afainforma-2.png\"><img loading=\"lazy\" decoding=\"async\" class=\"alignnone size-large wp-image-906\" src=\"https:\/\/agora.xtec.cat\/escolaandersen\/wp-content\/uploads\/usu2380\/2023\/11\/cap_afainforma-2-1024x178.png\" alt=\"\" width=\"1024\" height=\"178\" srcset=\"https:\/\/agora.xtec.cat\/escolaandersen\/wp-content\/uploads\/usu2380\/2023\/11\/cap_afainforma-2-1024x178.png 1024w, https:\/\/agora.xtec.cat\/escolaandersen\/wp-content\/uploads\/usu2380\/2023\/11\/cap_afainforma-2-300x52.png 300w, https:\/\/agora.xtec.cat\/escolaandersen\/wp-content\/uploads\/usu2380\/2023\/11\/cap_afainforma-2-768x133.png 768w, https:\/\/agora.xtec.cat\/escolaandersen\/wp-content\/uploads\/usu2380\/2023\/11\/cap_afainforma-2.png 1280w\" sizes=\"auto, (max-width: 1024px) 100vw, 1024px\" \/><\/a><\/p>\n<ul>\n<li dir=\"ltr\" aria-level=\"2\">\n<p dir=\"ltr\" role=\"presentation\"><a href=\"#seccio-1\">XERRADA ESCOLA VERDA<\/a><\/p>\n<\/li>\n<li dir=\"ltr\" aria-level=\"2\">\n<p dir=\"ltr\" role=\"presentation\"><a href=\"#seccio-2\">ELS MIGDIES A L&#8217;ESCOLA<\/a><\/p>\n<\/li>\n<li dir=\"ltr\" aria-level=\"2\">\n<p dir=\"ltr\" role=\"presentation\"><a href=\"#seccio-3\">ESCOLA DE FAM\u00cdLIES<\/a><\/p>\n<\/li>\n<li dir=\"ltr\" aria-level=\"2\">\n<p dir=\"ltr\" role=\"presentation\"><a href=\"#seccio-4\">EXTRAESCOLARS<\/a><\/p>\n<\/li>\n<li dir=\"ltr\" aria-level=\"2\">\n<p dir=\"ltr\" role=\"presentation\"><a href=\"#seccio-5\">PLA\u00c7A DE LES CULTURES<\/a><\/p>\n<\/li>\n<li dir=\"ltr\" aria-level=\"2\">\n<p dir=\"ltr\" role=\"presentation\"><a href=\"#seccio-6\">L&#8217;AGENDA<\/a><\/p>\n<\/li>\n<\/ul>\n<hr \/>\n<h1 dir=\"ltr\"><a id=\"seccio-1\"><\/a>ESCOLA VERDA, COM ENTRAR LA SOSTENIBILITAT A L&#8217;ESCOLA<\/h1>\n<p><span style=\"font-weight: 400;\">Estem molt contents d&#8217;anunciar-vos la propera activitat per a les fam\u00edlies que farem el dia <strong>23 de febrer: <\/strong>una xerrada\u00a0relacionada amb la <strong>sostenibilitat i el que significa ser Escola Verda<\/strong>. Ens trobarem a les<strong> 15:30h a la biblioteca de l&#8217;Escola<\/strong>. Aqu\u00ed teniu el programa de la xerrada:<\/span><\/p>\n<p>Part 1. Arnau Amat. Professor de Did\u00e0ctica de les ci\u00e8ncies UVic-UCC. Parlar\u00e0 de quins s\u00f3n els pilars pedag\u00f2gics que han de tenir les escoles verdes.<\/p>\n<p>Part 2. Quim Benito. Responsable de la Xarxa d&#8217;Escoles per a la Sostenibilitat de Vic (XESVic). Ajuntament de Vic. Explicar\u00e0 qu\u00e8 \u00e9s la XESVic i el seu funcionament.<\/p>\n<p>Part 3. Representants de centre a la XESVic. Presentaran el pla d&#8217;acci\u00f3 amb qu\u00e8 treballen.<\/p>\n<p>A partir de les <strong>17h<\/strong>, fam\u00edlies i criatures ens trobarem al <strong>Passeig de la Pau<\/strong> de l&#8217;Escola, on ens ensenyaran a fer unes <strong>bombes de llavors<\/strong> que ens podrem emportar a casa. Tamb\u00e9 podrem jugar a un<strong> joc de l&#8217;oca gegant<\/strong> titulat &#8220;Un canvi&#8230; perqu\u00e8 ja toca!&#8221;, en qu\u00e8 <strong>els infants aprendran diferents actuacions de la vida quotidiana que tenen repercussions positives o negatives cap a l&#8217;entorn i, en concret, per al canvi clim\u00e0tic<\/strong>.<\/p>\n<p>Us hi esperem!<\/p>\n<hr \/>\n<h1 dir=\"ltr\"><a id=\"seccio-2\"><\/a>ELS MIGDIES A L&#8217;ESCOLA, A DEBAT<\/h1>\n<p><span style=\"font-weight: 400;\">El proper <strong>4 d&#8217;abril de 15:30h a 16:30h<\/strong> arranquem amb el <strong>primer F\u00d2RUM DE DEBAT<\/strong> de l&#8217;AFA i ho farem amb un tema que de ben segur que us interessar\u00e0: <strong>&#8220;Com volem que sigui la dinamitzaci\u00f3 dels espais de pati del migdia de l&#8217;escola?&#8221;<\/strong><br \/>\nEl f\u00f2rum est\u00e0 pensat perqu\u00e8 puguem con\u00e8ixer de primera m\u00e0 qu\u00e8 s&#8217;havia fet en anys anteriors en mat\u00e8ria de tallers i qu\u00e8 s&#8217;est\u00e0 fent enguany per tal de poder obrir un debat a posteriori per captar el sentir de les fam\u00edlies al voltant de la qualitat educativa que volem donar a les estones de pati de migdia. L&#8217;objectiu de l&#8217;espai \u00e9s donar lloc a la conversa i el di\u00e0leg entre fam\u00edlies de manera que ens permeti identificar diferents sensibilitats al voltant dels temes del F\u00f2rum i, a posteriori, com a AFA, poder-los canalitzar i orientar a trav\u00e9s de tot all\u00f2 que estigui a les nostres mans. <\/span><\/p>\n<p><strong>Lloc de trobada: taules dels horts de l&#8217;Andersen a les 15:30h de 4 d&#8217;abril.<\/strong><\/p>\n<p>Us hi esperem!<\/p>\n<hr \/>\n<h1 dir=\"ltr\"><a id=\"seccio-3\"><\/a>REGIDORIA D&#8217;EDUCACI\u00d3, ESCOLA DE FAM\u00cdLIES<\/h1>\n<p><span style=\"font-weight: 400;\"><strong>L\u2019Ajuntament de Vic<\/strong> s\u2019est\u00e0 coordinant amb les diferents AFAs i AMPAs de les escoles de Vic per tal d\u2019organitzar algunes <strong>sessions\/formacions de temes d\u2019inter\u00e8s com\u00fa<\/strong> per tal d\u2019abaratir costos i sumar esfor\u00e7os, implicant tamb\u00e9 la comunitat educativa.<br \/>\nAquest any, s\u2019ha decidit que el tema que es tractar\u00e0 de manera comuna ser\u00e0 <strong>l\u2019\u00fas dels m\u00f2bils<\/strong>. Esperem trobar un format que agradi i aconseguir una alta participaci\u00f3 de les fam\u00edlies.<\/span><\/p>\n<hr \/>\n<h1 dir=\"ltr\"><a id=\"seccio-4\"><\/a>LES EXTRAESCOLARS<\/h1>\n<p><span style=\"font-weight: 400;\">Ja estem a l&#8217;equador de les activitats extraescolars d\u2019aquest curs i <strong>no hi ha hagut cap baixa d&#8217;activitat i el n\u00famero d\u2019inscrits \u00e9s superior al d\u2019inici de curs<\/strong>. Tot aix\u00f2 ens fa pensar que els canvis de format, contractant empreses directament, i les noves propostes d\u2019activitats, ampliant la vessant art\u00edstica a m\u00e9s de l\u2019esportiva, han estat ben acollides per les fam\u00edlies.<br \/>\nVolem compartir amb vosaltres algunes fotografies d\u2019aquests darrers dies per apropar-vos una mica m\u00e9s a aquest ventall de possibilitats que us ofereixen les extraescolars a l\u2019Escola.<br \/>\nNosaltres ja estem treballant amb la <strong>programaci\u00f3 del curs que ve<\/strong>, que esperem poder-vos presentar de cara a finals de curs (maig-juny).<\/span><\/p>\n<p>Com ja sabeu, <strong>les inscripcions estan obertes durant tot el curs<\/strong>. Si us voleu apuntar nom\u00e9s heu d\u2019enviar un mail a: extraescolars@andersen.cat.<\/p>\n<p>Gr\u00e0cies!<\/p>\n<p><a href=\"https:\/\/agora.xtec.cat\/escolaandersen\/wp-content\/uploads\/usu2380\/2024\/02\/unnamed-11-1.jpg\"><img loading=\"lazy\" decoding=\"async\" class=\"alignnone wp-image-1241\" src=\"https:\/\/agora.xtec.cat\/escolaandersen\/wp-content\/uploads\/usu2380\/2024\/02\/unnamed-11-1.jpg\" alt=\"\" width=\"645\" height=\"400\" \/><\/a><\/p>\n<p><a href=\"https:\/\/agora.xtec.cat\/escolaandersen\/wp-content\/uploads\/usu2380\/2024\/02\/unnamed.jpg\"><img loading=\"lazy\" decoding=\"async\" class=\"alignnone wp-image-1222\" src=\"https:\/\/agora.xtec.cat\/escolaandersen\/wp-content\/uploads\/usu2380\/2024\/02\/unnamed-768x1024.jpg\" alt=\"\" width=\"647\" height=\"906\" \/><\/a><\/p>\n<p><a href=\"https:\/\/agora.xtec.cat\/escolaandersen\/wp-content\/uploads\/usu2380\/2024\/02\/unnamed-9-1.jpg\"><img loading=\"lazy\" decoding=\"async\" class=\"alignnone wp-image-1239\" src=\"https:\/\/agora.xtec.cat\/escolaandersen\/wp-content\/uploads\/usu2380\/2024\/02\/unnamed-9-1-806x1024.jpg\" alt=\"\" width=\"650\" height=\"804\" \/><\/a><\/p>\n<p><a href=\"https:\/\/agora.xtec.cat\/escolaandersen\/wp-content\/uploads\/usu2380\/2024\/02\/unnamed-5-2.jpg\"><img loading=\"lazy\" decoding=\"async\" class=\"alignnone wp-image-1235\" src=\"https:\/\/agora.xtec.cat\/escolaandersen\/wp-content\/uploads\/usu2380\/2024\/02\/unnamed-5-2-1024x768.jpg\" alt=\"\" width=\"644\" height=\"491\" \/><\/a><\/p>\n<h1 dir=\"ltr\"><a id=\"seccio-5\"><\/a>PLA\u00c7A DE LES CULTURES<\/h1>\n<p>La primera edici\u00f3 de la Pla\u00e7a de les Cultures, celebrada el passat 19 de gener, va despertar una alta participaci\u00f3, motivaci\u00f3 i implicaci\u00f3 per part de tota la comunitat de l\u2019escola Andersen. La iniciativa neix amb l\u2019objectiu de seguir treballant per a la cohesi\u00f3 de l\u2019escola i prendre consci\u00e8ncia de l\u2019alta diversitat i riquesa cultural que hi conviu cada dia.<\/p>\n<p>Totes les cultures representades amb la seva paradeta van poder explicar els vestits i\/o altres curiositats interessants a con\u00e8ixer. Destacar que, a banda de generar l\u2019espai de conviv\u00e8ncia adre\u00e7at a les fam\u00edlies i fora de l\u2019horari lectiu, l\u2019alumnat dels diferents cursos de l\u2019Escola, a partir de les 4 de la tarda i acompanyats\/des per l\u2019equip docent, van fer una visita guiada per a con\u00e8ixer m\u00e9s a fons cada cultura i, a la vegada, saber m\u00e9s del m\u00f3n gastron\u00f2mic de cadascuna d\u2019elles.<\/p>\n<p>Destacar que <strong>la pr\u00f2xima edici\u00f3 de la Pla\u00e7a de les Cultures<\/strong> d\u2019aquest curs ser\u00e0 el divendres <strong>17 de maig<\/strong> amb noves propostes a compartir i on esperem comptar de nou amb totes i tots vosaltres.<\/p>\n<p>Aquesta activitat \u00e9s possible gr\u00e0cies a la implicaci\u00f3 de fam\u00edlies procedents de totes aquestes cultures i sota el paraigua d\u2019Amics de l\u2019Andersen, una associaci\u00f3 que promou la SOLIDARITAT i recaptar finan\u00e7ament per tal que TOTS els infants puguin gaudir de les Col\u00f2nies i\/o altres activitats.<\/p>\n<p>Per cert, compartir-vos que aquesta primera edici\u00f3, gr\u00e0cies a la implicaci\u00f3 de totes i tots, s\u2019ha aconseguit un guany econ\u00f2mic de 325&#8217;30\u20ac.<\/p>\n<p><a href=\"https:\/\/agora.xtec.cat\/escolaandersen\/wp-content\/uploads\/usu2380\/2024\/02\/WhatsApp-Image-2024-02-03-at-08.31.37.jpeg\"><img loading=\"lazy\" decoding=\"async\" class=\"alignnone wp-image-1244\" src=\"https:\/\/agora.xtec.cat\/escolaandersen\/wp-content\/uploads\/usu2380\/2024\/02\/WhatsApp-Image-2024-02-03-at-08.31.37.jpeg\" alt=\"\" width=\"586\" height=\"785\" srcset=\"https:\/\/agora.xtec.cat\/escolaandersen\/wp-content\/uploads\/usu2380\/2024\/02\/WhatsApp-Image-2024-02-03-at-08.31.37.jpeg 656w, https:\/\/agora.xtec.cat\/escolaandersen\/wp-content\/uploads\/usu2380\/2024\/02\/WhatsApp-Image-2024-02-03-at-08.31.37-224x300.jpeg 224w\" sizes=\"auto, (max-width: 586px) 100vw, 586px\" \/><\/a><\/p>\n<p><a href=\"https:\/\/agora.xtec.cat\/escolaandersen\/wp-content\/uploads\/usu2380\/2024\/02\/WhatsApp-Image-2024-02-03-at-08.32.38.jpeg\"><img loading=\"lazy\" decoding=\"async\" class=\"alignnone wp-image-1245\" src=\"https:\/\/agora.xtec.cat\/escolaandersen\/wp-content\/uploads\/usu2380\/2024\/02\/WhatsApp-Image-2024-02-03-at-08.32.38.jpeg\" alt=\"\" width=\"574\" height=\"429\" srcset=\"https:\/\/agora.xtec.cat\/escolaandersen\/wp-content\/uploads\/usu2380\/2024\/02\/WhatsApp-Image-2024-02-03-at-08.32.38-300x225.jpeg 300w, https:\/\/agora.xtec.cat\/escolaandersen\/wp-content\/uploads\/usu2380\/2024\/02\/WhatsApp-Image-2024-02-03-at-08.32.38-200x150.jpeg 200w\" sizes=\"auto, (max-width: 574px) 100vw, 574px\" \/><\/a><\/p>\n<p><a href=\"https:\/\/agora.xtec.cat\/escolaandersen\/wp-content\/uploads\/usu2380\/2024\/02\/WhatsApp-Image-2024-02-03-at-08.32.39-1.jpeg\"><img loading=\"lazy\" decoding=\"async\" class=\"alignnone wp-image-1246\" src=\"https:\/\/agora.xtec.cat\/escolaandersen\/wp-content\/uploads\/usu2380\/2024\/02\/WhatsApp-Image-2024-02-03-at-08.32.39-1.jpeg\" alt=\"\" width=\"572\" height=\"430\" srcset=\"https:\/\/agora.xtec.cat\/escolaandersen\/wp-content\/uploads\/usu2380\/2024\/02\/WhatsApp-Image-2024-02-03-at-08.32.39-1.jpeg 1024w, https:\/\/agora.xtec.cat\/escolaandersen\/wp-content\/uploads\/usu2380\/2024\/02\/WhatsApp-Image-2024-02-03-at-08.32.39-1-300x225.jpeg 300w, https:\/\/agora.xtec.cat\/escolaandersen\/wp-content\/uploads\/usu2380\/2024\/02\/WhatsApp-Image-2024-02-03-at-08.32.39-1-768x576.jpeg 768w, https:\/\/agora.xtec.cat\/escolaandersen\/wp-content\/uploads\/usu2380\/2024\/02\/WhatsApp-Image-2024-02-03-at-08.32.39-1-200x150.jpeg 200w\" sizes=\"auto, (max-width: 572px) 100vw, 572px\" \/><\/a><\/p>\n<p><a href=\"https:\/\/agora.xtec.cat\/escolaandersen\/wp-content\/uploads\/usu2380\/2024\/02\/WhatsApp-Image-2024-02-03-at-08.32.39.jpeg\"><img loading=\"lazy\" decoding=\"async\" class=\"alignnone wp-image-1247\" src=\"https:\/\/agora.xtec.cat\/escolaandersen\/wp-content\/uploads\/usu2380\/2024\/02\/WhatsApp-Image-2024-02-03-at-08.32.39.jpeg\" alt=\"\" width=\"571\" height=\"763\" \/><\/a><\/p>\n<p><a href=\"https:\/\/agora.xtec.cat\/escolaandersen\/wp-content\/uploads\/usu2380\/2024\/02\/WhatsApp-Image-2024-02-03-at-08.35.01.jpeg\"><img loading=\"lazy\" decoding=\"async\" class=\"alignnone wp-image-1248\" src=\"https:\/\/agora.xtec.cat\/escolaandersen\/wp-content\/uploads\/usu2380\/2024\/02\/WhatsApp-Image-2024-02-03-at-08.35.01-768x1024.jpeg\" alt=\"\" width=\"569\" height=\"770\" \/><\/a><\/p>\n<p><a href=\"https:\/\/agora.xtec.cat\/escolaandersen\/wp-content\/uploads\/usu2380\/2024\/02\/WhatsApp-Image-2024-02-03-at-08.35.37.jpeg\"><img loading=\"lazy\" decoding=\"async\" class=\"alignnone wp-image-1249\" src=\"https:\/\/agora.xtec.cat\/escolaandersen\/wp-content\/uploads\/usu2380\/2024\/02\/WhatsApp-Image-2024-02-03-at-08.35.37-719x1024.jpeg\" alt=\"\" width=\"581\" height=\"967\" \/><\/a><\/p>\n<p>Us hi esperem!<\/p>\n<p>&nbsp;<\/p>\n<p>&nbsp;<\/p>\n<h1 dir=\"ltr\"><a id=\"seccio-6\"><\/a>L&#8217;AGENDA<\/h1>\n<p><a href=\"https:\/\/agora.xtec.cat\/escolaandersen\/wp-content\/uploads\/usu2380\/2024\/02\/agenda-febrer-5.jpg\"><img loading=\"lazy\" decoding=\"async\" class=\"wp-image-1258 aligncenter\" src=\"https:\/\/agora.xtec.cat\/escolaandersen\/wp-content\/uploads\/usu2380\/2024\/02\/agenda-febrer-5.jpg\" alt=\"\" width=\"725\" height=\"763\" \/><\/a><\/p>\n<hr \/>\n","protected":false},"excerpt":{"rendered":"<p><a href=\"https:\/\/agora.xtec.cat\/escolaandersen\/wp-content\/uploads\/usu2380\/2023\/11\/cap_afainforma-2.png\"><\/a><\/p>\n<ul>\n<li dir=\"ltr\" aria-level=\"2\">\n<a href=\"#seccio-1\">XERRADA ESCOLA VERDA<\/a>\n<\/li>\n<li dir=\"ltr\" aria-level=\"2\">\n<a href=\"#seccio-2\">ELS MIGDIES A L&#8217;ESCOLA<\/a>\n<\/li>\n<li dir=\"ltr\" aria-level=\"2\">\n<a href=\"#seccio-3\">ESCOLA DE FAM\u00cdLIES<\/a>\n<\/li>\n<li dir=\"ltr\" aria-level=\"2\">\n<a href=\"#seccio-4\">EXTRAESCOLARS<\/a>\n<\/li>\n<li dir=\"ltr\" aria-level=\"2\">\n<a href=\"#seccio-5\">PLA\u00c7A DE LES CULTURES<\/a>\n<\/li>\n<li dir=\"ltr\" aria-level=\"2\">\n<a href=\"#seccio-6\">L&#8217;AGENDA<\/a>\n<\/li>\n<\/ul>\n<p><a id=\"seccio-1\"><\/a>ESCOLA VERDA, COM ENTRAR LA SOSTENIBILITAT A L&#8217;ESCOLA<br \/>\nEstem molt contents d&#8217;anunciar-vos la propera activitat per&hellip;  <a href=\"https:\/\/agora.xtec.cat\/escolaandersen\/afa\/afa-informa-39\/\" title=\"Read AFA informa 39\">Llegeix m\u00e9s\u00bb<\/a><\/p>\n","protected":false},"author":3,"featured_media":0,"comment_status":"open","ping_status":"closed","sticky":false,"template":"","format":"standard","meta":{"_bbp_topic_count":0,"_bbp_reply_count":0,"_bbp_total_topic_count":0,"_bbp_total_reply_count":0,"_bbp_voice_count":0,"_bbp_anonymous_reply_count":0,"_bbp_topic_count_hidden":0,"_bbp_reply_count_hidden":0,"_bbp_forum_subforum_count":0,"footnotes":""},"categories":[7],"tags":[],"class_list":["post-1189","post","type-post","status-publish","format-standard","hentry","category-afa"],"post_mailing_queue_ids":[],"_links":{"self":[{"href":"https:\/\/agora.xtec.cat\/escolaandersen\/wp-json\/wp\/v2\/posts\/1189","targetHints":{"allow":["GET"]}}],"collection":[{"href":"https:\/\/agora.xtec.cat\/escolaandersen\/wp-json\/wp\/v2\/posts"}],"about":[{"href":"https:\/\/agora.xtec.cat\/escolaandersen\/wp-json\/wp\/v2\/types\/post"}],"author":[{"embeddable":true,"href":"https:\/\/agora.xtec.cat\/escolaandersen\/wp-json\/wp\/v2\/users\/3"}],"replies":[{"embeddable":true,"href":"https:\/\/agora.xtec.cat\/escolaandersen\/wp-json\/wp\/v2\/comments?post=1189"}],"version-history":[{"count":6,"href":"https:\/\/agora.xtec.cat\/escolaandersen\/wp-json\/wp\/v2\/posts\/1189\/revisions"}],"predecessor-version":[{"id":1260,"href":"https:\/\/agora.xtec.cat\/escolaandersen\/wp-json\/wp\/v2\/posts\/1189\/revisions\/1260"}],"wp:attachment":[{"href":"https:\/\/agora.xtec.cat\/escolaandersen\/wp-json\/wp\/v2\/media?parent=1189"}],"wp:term":[{"taxonomy":"category","embeddable":true,"href":"https:\/\/agora.xtec.cat\/escolaandersen\/wp-json\/wp\/v2\/categories?post=1189"},{"taxonomy":"post_tag","embeddable":true,"href":"https:\/\/agora.xtec.cat\/escolaandersen\/wp-json\/wp\/v2\/tags?post=1189"}],"curies":[{"name":"wp","href":"https:\/\/api.w.org\/{rel}","templated":true}]}}