{"id":1180,"date":"2024-01-31T09:47:35","date_gmt":"2024-01-31T08:47:35","guid":{"rendered":"https:\/\/agora.xtec.cat\/escolaandersen\/?p=1180"},"modified":"2024-02-05T09:09:36","modified_gmt":"2024-02-05T08:09:36","slug":"portes-obertes-curs-2024-2025-formulari-inscripcio","status":"publish","type":"post","link":"https:\/\/agora.xtec.cat\/escolaandersen\/general\/portes-obertes-curs-2024-2025-formulari-inscripcio\/","title":{"rendered":"Portes obertes curs 2024- 2025 Formulari Inscripci\u00f3"},"content":{"rendered":"<p>Benvolguts i benvolgudes,<\/p>\n<p>Us agra\u00efm que escolliu el dia i hora que m\u00e9s us convingui per venir a con\u00e8ixer la nostra escola. Ho podeu fer a trav\u00e9s d&#8217;aquest formulari, per correu electr\u00f2nic <strong><em>escolaandersen@andersen.cat<\/em> <\/strong>o per tel\u00e8fon 938851795.<\/p>\n<p>&nbsp;<\/p>\n<p><iframe loading=\"lazy\" src=\"https:\/\/docs.google.com\/forms\/d\/e\/1FAIpQLSeHdbFOQt5n4BOsRn1tinX_c4R1FjM0NuYKxLxAPmK93m09Lw\/viewform?embedded=true\" width=\"640\" height=\"1275\" frameborder=\"0\" marginwidth=\"0\" marginheight=\"0\">S&#8217;est\u00e0 carregant\u2026<\/iframe><\/p>\n","protected":false},"excerpt":{"rendered":"<p>Benvolguts i benvolgudes,<br \/>\nUs agra\u00efm que escolliu el dia i hora que m\u00e9s us convingui per venir a con\u00e8ixer la nostra escola. Ho podeu fer a trav\u00e9s d&#8217;aquest formulari, per correu electr\u00f2nic escolaandersen@andersen.cat o per tel\u00e8fon 938851795.<br \/>\n&nbsp;<br \/>\nS&#8217;est\u00e0 carregant\u2026<\/p>\n","protected":false},"author":4,"featured_media":1183,"comment_status":"open","ping_status":"closed","sticky":false,"template":"","format":"standard","meta":{"_bbp_topic_count":0,"_bbp_reply_count":0,"_bbp_total_topic_count":0,"_bbp_total_reply_count":0,"_bbp_voice_count":0,"_bbp_anonymous_reply_count":0,"_bbp_topic_count_hidden":0,"_bbp_reply_count_hidden":0,"_bbp_forum_subforum_count":0,"footnotes":""},"categories":[1,4],"tags":[110],"class_list":["post-1180","post","type-post","status-publish","format-standard","has-post-thumbnail","hentry","category-general","category-portada","tag-portes-obertes"],"post_mailing_queue_ids":[],"_links":{"self":[{"href":"https:\/\/agora.xtec.cat\/escolaandersen\/wp-json\/wp\/v2\/posts\/1180","targetHints":{"allow":["GET"]}}],"collection":[{"href":"https:\/\/agora.xtec.cat\/escolaandersen\/wp-json\/wp\/v2\/posts"}],"about":[{"href":"https:\/\/agora.xtec.cat\/escolaandersen\/wp-json\/wp\/v2\/types\/post"}],"author":[{"embeddable":true,"href":"https:\/\/agora.xtec.cat\/escolaandersen\/wp-json\/wp\/v2\/users\/4"}],"replies":[{"embeddable":true,"href":"https:\/\/agora.xtec.cat\/escolaandersen\/wp-json\/wp\/v2\/comments?post=1180"}],"version-history":[{"count":5,"href":"https:\/\/agora.xtec.cat\/escolaandersen\/wp-json\/wp\/v2\/posts\/1180\/revisions"}],"predecessor-version":[{"id":1188,"href":"https:\/\/agora.xtec.cat\/escolaandersen\/wp-json\/wp\/v2\/posts\/1180\/revisions\/1188"}],"wp:featuredmedia":[{"embeddable":true,"href":"https:\/\/agora.xtec.cat\/escolaandersen\/wp-json\/wp\/v2\/media\/1183"}],"wp:attachment":[{"href":"https:\/\/agora.xtec.cat\/escolaandersen\/wp-json\/wp\/v2\/media?parent=1180"}],"wp:term":[{"taxonomy":"category","embeddable":true,"href":"https:\/\/agora.xtec.cat\/escolaandersen\/wp-json\/wp\/v2\/categories?post=1180"},{"taxonomy":"post_tag","embeddable":true,"href":"https:\/\/agora.xtec.cat\/escolaandersen\/wp-json\/wp\/v2\/tags?post=1180"}],"curies":[{"name":"wp","href":"https:\/\/api.w.org\/{rel}","templated":true}]}}