{"id":1168,"date":"2024-01-20T17:36:02","date_gmt":"2024-01-20T16:36:02","guid":{"rendered":"https:\/\/agora.xtec.cat\/escolaandersen\/?p=1168"},"modified":"2024-01-20T17:36:10","modified_gmt":"2024-01-20T16:36:10","slug":"la-placa-de-les-cultures","status":"publish","type":"post","link":"https:\/\/agora.xtec.cat\/escolaandersen\/general\/la-placa-de-les-cultures\/","title":{"rendered":"La pla\u00e7a de les cultures"},"content":{"rendered":"<p>Benvolgudes fam\u00edlies,<\/p>\n<p>Ahir va tenir lloc la primera jornada de <em><strong>L<\/strong><strong><em>a <\/em>Pla\u00e7a de les cultures<\/strong><\/em> programada per aquest curs. L&#8217;objectiu d&#8217;aquest mercat era compartir amb la comunitat educativa la roba i tradicions culin\u00e0ries dels diferents pa\u00efsos que conviuen a l&#8217;escola: Catalunya, Georgia, Marroc, Col\u00f2mbia, Argentina, Ghana i Ucra\u00efna. Des dels Amics de l&#8217;Andersen es van organitzar les diferents parades i van fer possible que pogu\u00e9ssim compartir una estona agradable a l&#8217;escola.<\/p>\n<p>Hem fet un petit recull de fotografies que podeu trobar <a href=\"https:\/\/drive.google.com\/drive\/folders\/1CiaD-01Guvnu6gT6hQa7uNPusA4B1Ju5?usp=drive_link\" target=\"_blank\" rel=\"noopener\">a la carpeta de fotos de Fam\u00edlies del Drive<\/a>:<\/p>\n<p><strong>Junts fem escola<\/strong><\/p>\n","protected":false},"excerpt":{"rendered":"<p>Benvolgudes fam\u00edlies,<br \/>\nAhir va tenir lloc la primera jornada de La Pla\u00e7a de les cultures programada per aquest curs. L&#8217;objectiu d&#8217;aquest mercat era compartir amb la comunitat educativa la roba i tradicions culin\u00e0ries dels diferents pa\u00efsos que conviuen a l&#8217;escola: Catalunya, Georgia, Marroc, Col\u00f2mbia, Argentina, Ghana&hellip;  <a href=\"https:\/\/agora.xtec.cat\/escolaandersen\/general\/la-placa-de-les-cultures\/\" title=\"Read La pla\u00e7a de les cultures\">Llegeix m\u00e9s\u00bb<\/a><\/p>\n","protected":false},"author":6,"featured_media":1171,"comment_status":"open","ping_status":"closed","sticky":false,"template":"","format":"standard","meta":{"_bbp_topic_count":0,"_bbp_reply_count":0,"_bbp_total_topic_count":0,"_bbp_total_reply_count":0,"_bbp_voice_count":0,"_bbp_anonymous_reply_count":0,"_bbp_topic_count_hidden":0,"_bbp_reply_count_hidden":0,"_bbp_forum_subforum_count":0,"footnotes":""},"categories":[1,4],"tags":[],"class_list":["post-1168","post","type-post","status-publish","format-standard","has-post-thumbnail","hentry","category-general","category-portada"],"post_mailing_queue_ids":[],"_links":{"self":[{"href":"https:\/\/agora.xtec.cat\/escolaandersen\/wp-json\/wp\/v2\/posts\/1168","targetHints":{"allow":["GET"]}}],"collection":[{"href":"https:\/\/agora.xtec.cat\/escolaandersen\/wp-json\/wp\/v2\/posts"}],"about":[{"href":"https:\/\/agora.xtec.cat\/escolaandersen\/wp-json\/wp\/v2\/types\/post"}],"author":[{"embeddable":true,"href":"https:\/\/agora.xtec.cat\/escolaandersen\/wp-json\/wp\/v2\/users\/6"}],"replies":[{"embeddable":true,"href":"https:\/\/agora.xtec.cat\/escolaandersen\/wp-json\/wp\/v2\/comments?post=1168"}],"version-history":[{"count":6,"href":"https:\/\/agora.xtec.cat\/escolaandersen\/wp-json\/wp\/v2\/posts\/1168\/revisions"}],"predecessor-version":[{"id":1177,"href":"https:\/\/agora.xtec.cat\/escolaandersen\/wp-json\/wp\/v2\/posts\/1168\/revisions\/1177"}],"wp:featuredmedia":[{"embeddable":true,"href":"https:\/\/agora.xtec.cat\/escolaandersen\/wp-json\/wp\/v2\/media\/1171"}],"wp:attachment":[{"href":"https:\/\/agora.xtec.cat\/escolaandersen\/wp-json\/wp\/v2\/media?parent=1168"}],"wp:term":[{"taxonomy":"category","embeddable":true,"href":"https:\/\/agora.xtec.cat\/escolaandersen\/wp-json\/wp\/v2\/categories?post=1168"},{"taxonomy":"post_tag","embeddable":true,"href":"https:\/\/agora.xtec.cat\/escolaandersen\/wp-json\/wp\/v2\/tags?post=1168"}],"curies":[{"name":"wp","href":"https:\/\/api.w.org\/{rel}","templated":true}]}}