{"id":1123,"date":"2024-01-18T08:29:42","date_gmt":"2024-01-18T07:29:42","guid":{"rendered":"https:\/\/agora.xtec.cat\/escolaandersen\/?p=1123"},"modified":"2024-01-18T08:29:42","modified_gmt":"2024-01-18T07:29:42","slug":"afa-informa-38","status":"publish","type":"post","link":"https:\/\/agora.xtec.cat\/escolaandersen\/afa\/afa-informa-38\/","title":{"rendered":"AFA informa 38"},"content":{"rendered":"<p><a href=\"https:\/\/agora.xtec.cat\/escolaandersen\/wp-content\/uploads\/usu2380\/2023\/11\/cap_afainforma-3.png\"><img loading=\"lazy\" decoding=\"async\" class=\"alignnone size-large wp-image-907\" src=\"https:\/\/agora.xtec.cat\/escolaandersen\/wp-content\/uploads\/usu2380\/2023\/11\/cap_afainforma-3-1024x178.png\" alt=\"\" width=\"1024\" height=\"178\" srcset=\"https:\/\/agora.xtec.cat\/escolaandersen\/wp-content\/uploads\/usu2380\/2023\/11\/cap_afainforma-3-1024x178.png 1024w, https:\/\/agora.xtec.cat\/escolaandersen\/wp-content\/uploads\/usu2380\/2023\/11\/cap_afainforma-3-300x52.png 300w, https:\/\/agora.xtec.cat\/escolaandersen\/wp-content\/uploads\/usu2380\/2023\/11\/cap_afainforma-3-768x133.png 768w, https:\/\/agora.xtec.cat\/escolaandersen\/wp-content\/uploads\/usu2380\/2023\/11\/cap_afainforma-3.png 1280w\" sizes=\"auto, (max-width: 1024px) 100vw, 1024px\" \/><\/a><\/p>\n<ul>\n<li dir=\"ltr\" aria-level=\"2\">\n<p dir=\"ltr\" role=\"presentation\"><a href=\"#seccio-1\">MOTXILLES ECON\u00d2MIQUES<\/a><\/p>\n<\/li>\n<li dir=\"ltr\" aria-level=\"2\">\n<p dir=\"ltr\" role=\"presentation\"><a href=\"#seccio-2\">TARGETA T-16<\/a><\/p>\n<\/li>\n<li dir=\"ltr\" aria-level=\"2\">\n<p dir=\"ltr\" role=\"presentation\"><a href=\"#seccio-3\">ELS POLLS<\/a><\/p>\n<\/li>\n<li dir=\"ltr\" aria-level=\"2\">\n<p dir=\"ltr\" role=\"presentation\"><a href=\"#seccio-4\">AGENDA<\/a><\/p>\n<\/li>\n<\/ul>\n<hr \/>\n<h1 dir=\"ltr\"><a id=\"seccio-1\"><\/a>MOTXILLES ECON\u00d2MIQUES<\/h1>\n<p><span style=\"font-weight: 400;\">Aquest mes l&#8217;AFA ha rebut un ingr\u00e9s molt important corresponent a les motxilles econ\u00f2miques, ajut que la Generalitat de Catalunya va atorgar el curs passat a algunes fam\u00edlies d&#8217;I3. S\u00f3n diners que a la nostra escola es destinen \u00edntegrament a pagar les quotes de l\u2019AFA, doncs s\u00f3n unes quantitats que han d\u2019utilitzar-se per finan\u00e7ar l\u2019import de material escolar, excursions, nataci\u00f3, col\u00f2nies i altres activitats que fan els infants que han obtingut la motxilla econ\u00f2mica. La seva finalitat \u00e9s potenciar la igualtat d\u2019oportunitats de les fam\u00edlies amb necessitats socioecon\u00f2miques.<\/span><\/p>\n<p>Aquesta subvenci\u00f3 es preveu que vagi augmentant, doncs cada curs escolar la tindran otorgada m\u00e9s fam\u00edlies. Per aquest curs est\u00e0 previst que ja la rebran fam\u00edlies d&#8217;I3 i I4 i aix\u00f2 ens ajudar\u00e0 molt a reduir impagats i tamb\u00e9 comportar\u00e0 una disminuci\u00f3 de feina administrativa que podrem destinar a altres aspectes de vital import\u00e0ncia per l\u2019Escola. Per aix\u00f2 vol\u00edem compartir-ho amb vosaltres.<\/p>\n<hr \/>\n<p>&nbsp;<\/p>\n<h1 dir=\"ltr\"><a id=\"seccio-2\"><\/a>TRANSPORT TARGETA T-16<\/h1>\n<p><strong>Des del 16 de gener de 2024, la T-16 nom\u00e9s amb la T-Mobilitat<\/strong><\/p>\n<p><a href=\"https:\/\/agora.xtec.cat\/escolaandersen\/wp-content\/uploads\/usu2380\/2024\/01\/T-16-copy.jpg\"><img loading=\"lazy\" decoding=\"async\" class=\"alignnone size-large wp-image-1126\" src=\"https:\/\/agora.xtec.cat\/escolaandersen\/wp-content\/uploads\/usu2380\/2024\/01\/T-16-copy-1024x232.jpg\" alt=\"\" width=\"1024\" height=\"232\" srcset=\"https:\/\/agora.xtec.cat\/escolaandersen\/wp-content\/uploads\/usu2380\/2024\/01\/T-16-copy-1024x232.jpg 1024w, https:\/\/agora.xtec.cat\/escolaandersen\/wp-content\/uploads\/usu2380\/2024\/01\/T-16-copy-300x68.jpg 300w, https:\/\/agora.xtec.cat\/escolaandersen\/wp-content\/uploads\/usu2380\/2024\/01\/T-16-copy-768x174.jpg 768w, https:\/\/agora.xtec.cat\/escolaandersen\/wp-content\/uploads\/usu2380\/2024\/01\/T-16-copy-1536x348.jpg 1536w, https:\/\/agora.xtec.cat\/escolaandersen\/wp-content\/uploads\/usu2380\/2024\/01\/T-16-copy-2048x465.jpg 2048w\" sizes=\"auto, (max-width: 1024px) 100vw, 1024px\" \/><\/a><\/p>\n<p>Fam\u00edlies recordeu que des del 16 de gener de 2024, per tal que els vostres fills i filles viatgin gratu\u00eftament amb els serveis de transport urb\u00e0 de Vic, ja nom\u00e9s ho poden fer amb la nova T-16, vinculada a la T-mobilitat.<\/p>\n<p>Des de l\u2019AFA us animem a tramitar-la per tal de reduir al m\u00e0xim els costos de transport derivats de les sortides escolars que es duen a terme dins de Vic. A m\u00e9s, tal com va informar l&#8217;Escola, a partir de l&#8217;1 de febrer de 2024 ja es far\u00e0 servir la T-16 i l&#8217;alumnat que no la tingui haur\u00e0 de pagar el bitllet individual en els trajectes i sortides que se&#8217;n faci \u00fas.<\/p>\n<p>Si encara no la teniu, podeu consultar<a href=\"https:\/\/t-mobilitat.atm.cat\/web\/t-mobilitat\/t-16\"> aqu\u00ed<\/a> i trobareu les instruccions per poder-la tramitar.<\/p>\n<hr \/>\n<hr \/>\n<h1 dir=\"ltr\"><a id=\"seccio-3\"><\/a>ELS POLLS<\/h1>\n<p>Benvolguts pares i mares,<\/p>\n<p>Si el vostre fill o filla comen\u00e7a a gratar-se el cap compulsivament (sobretot darrere les orelles) \u00e9s probable que tingui polls, la incid\u00e8ncia dels quals durant la inf\u00e0ncia \u00e9s gaireb\u00e9 tan freq\u00fcent com el refredat.<\/p>\n<p><strong>Per qu\u00e8 s\u00f3n dolents els polls?<\/strong><\/p>\n<p>Els polls xuclen la sang i aix\u00f2 fa picor, si b\u00e9 quan una persona \u00e9s infestada per primera vegada, els primers dies, pot no tenir s\u00edmptomes. Tamb\u00e9 es pot notar com es mouen els polls pel cap. La picor pot ser molt intensa i al rascar-se es poden fer ferides. Aquestes ferides poden infectar-se per bacteris i complicar-se la cosa.<\/p>\n<p><strong>Avui us expliquem la manera d\u2019atacar aquests insectes que fan tant la guitza!<\/strong><\/p>\n<p>Us proposem dos tipus de tractaments: el convencional (que t\u00e9 cost econ\u00f2mic i no sempre \u00e9s efectiu) i &#8220;l&#8217;alternatiu&#8221;, pel qual algunes fam\u00edlies han optat i realment els ha funcionat!<\/p>\n<p>Tractament convencional:<\/p>\n<p>Comprar el producte que us recomanin a l&#8217;herbolari, farm\u00e0cia, etc. i aplicar segons indiqui el prospecte.<\/p>\n<p>Tractament alternatiu:<\/p>\n<p>1. Aplicar alcohol de 70 graus a tot el cap, sobretot a les arrels. Cobrir amb paper film i, sobretot, tapar la part de les orelles durant un m\u00ednim de 30 minuts. Passar la pinta. Si cal, rentar el cap (l&#8217;alcohol no embruta).<\/p>\n<p>2. Cada dia passar la pinta.<\/p>\n<p>3. Al cap d&#8217;una setmana repetir el primer punt.<\/p>\n<p>4. Seguir passant la pinta i si ja no treus ni ous ja est\u00e0. Si no, repetir un altre cop.<\/p>\n<p>Els convivents familiars tamb\u00e9 s\u2019haurien de revisar el cap b\u00e9 i pentinar-se repetidament amb la pinta fina especial per detectar els polls i tractar tots els convivents infestats al mateix temps. A aquells convivents a qui no se&#8217;ls hagi vist polls per\u00f2 que puguin haver-se infestat (com ara per haver compartit pinta o per haver dormit al mateix llit), caldr\u00e0 revisar-los durant dos o tres dies seguits i pentinar-los amb la pinta especial. Els polls es mouen molt f\u00e0cilment i si no se n&#8217;han vist per\u00f2 hi ha ll\u00e9menes cal fer tractament.<\/p>\n<p>Gr\u00e0cies per dedicar temps al benestar de la teva fam\u00edlia i, a la vegada, al benestar de la comunitat educativa de la qual formes part!<\/p>\n<hr \/>\n<h1 dir=\"ltr\"><a id=\"seccio-4\"><\/a>L&#8217;AGENDA<\/h1>\n<p><a href=\"https:\/\/agora.xtec.cat\/escolaandersen\/wp-content\/uploads\/usu2380\/2023\/12\/Yellow-Post-it-Note-Class-Reminder-Classroom-Announcement-1-2.png\"><img loading=\"lazy\" decoding=\"async\" class=\"alignnone wp-image-1096\" src=\"https:\/\/agora.xtec.cat\/escolaandersen\/wp-content\/uploads\/usu2380\/2023\/12\/Yellow-Post-it-Note-Class-Reminder-Classroom-Announcement-1-2.png\" alt=\"\" width=\"583\" height=\"661\" \/><\/a><\/p>\n<hr \/>\n","protected":false},"excerpt":{"rendered":"<p><a href=\"https:\/\/agora.xtec.cat\/escolaandersen\/wp-content\/uploads\/usu2380\/2023\/11\/cap_afainforma-3.png\"><\/a><\/p>\n<ul>\n<li dir=\"ltr\" aria-level=\"2\">\n<a href=\"#seccio-1\">MOTXILLES ECON\u00d2MIQUES<\/a>\n<\/li>\n<li dir=\"ltr\" aria-level=\"2\">\n<a href=\"#seccio-2\">TARGETA T-16<\/a>\n<\/li>\n<li dir=\"ltr\" aria-level=\"2\">\n<a href=\"#seccio-3\">ELS POLLS<\/a>\n<\/li>\n<li dir=\"ltr\" aria-level=\"2\">\n<a href=\"#seccio-4\">AGENDA<\/a>\n<\/li>\n<\/ul>\n<p><a id=\"seccio-1\"><\/a>MOTXILLES ECON\u00d2MIQUES<br \/>\nAquest mes l&#8217;AFA ha rebut un ingr\u00e9s molt important corresponent a les motxilles econ\u00f2miques, ajut que la Generalitat de Catalunya va atorgar el curs passat a algunes&hellip;  <a href=\"https:\/\/agora.xtec.cat\/escolaandersen\/afa\/afa-informa-38\/\" title=\"Read AFA informa 38\">Llegeix m\u00e9s\u00bb<\/a><\/p>\n","protected":false},"author":3,"featured_media":0,"comment_status":"open","ping_status":"closed","sticky":false,"template":"","format":"standard","meta":{"_bbp_topic_count":0,"_bbp_reply_count":0,"_bbp_total_topic_count":0,"_bbp_total_reply_count":0,"_bbp_voice_count":0,"_bbp_anonymous_reply_count":0,"_bbp_topic_count_hidden":0,"_bbp_reply_count_hidden":0,"_bbp_forum_subforum_count":0,"footnotes":""},"categories":[7],"tags":[],"class_list":["post-1123","post","type-post","status-publish","format-standard","hentry","category-afa"],"post_mailing_queue_ids":[],"_links":{"self":[{"href":"https:\/\/agora.xtec.cat\/escolaandersen\/wp-json\/wp\/v2\/posts\/1123","targetHints":{"allow":["GET"]}}],"collection":[{"href":"https:\/\/agora.xtec.cat\/escolaandersen\/wp-json\/wp\/v2\/posts"}],"about":[{"href":"https:\/\/agora.xtec.cat\/escolaandersen\/wp-json\/wp\/v2\/types\/post"}],"author":[{"embeddable":true,"href":"https:\/\/agora.xtec.cat\/escolaandersen\/wp-json\/wp\/v2\/users\/3"}],"replies":[{"embeddable":true,"href":"https:\/\/agora.xtec.cat\/escolaandersen\/wp-json\/wp\/v2\/comments?post=1123"}],"version-history":[{"count":6,"href":"https:\/\/agora.xtec.cat\/escolaandersen\/wp-json\/wp\/v2\/posts\/1123\/revisions"}],"predecessor-version":[{"id":1151,"href":"https:\/\/agora.xtec.cat\/escolaandersen\/wp-json\/wp\/v2\/posts\/1123\/revisions\/1151"}],"wp:attachment":[{"href":"https:\/\/agora.xtec.cat\/escolaandersen\/wp-json\/wp\/v2\/media?parent=1123"}],"wp:term":[{"taxonomy":"category","embeddable":true,"href":"https:\/\/agora.xtec.cat\/escolaandersen\/wp-json\/wp\/v2\/categories?post=1123"},{"taxonomy":"post_tag","embeddable":true,"href":"https:\/\/agora.xtec.cat\/escolaandersen\/wp-json\/wp\/v2\/tags?post=1123"}],"curies":[{"name":"wp","href":"https:\/\/api.w.org\/{rel}","templated":true}]}}