{"id":1111,"date":"2024-01-11T12:12:35","date_gmt":"2024-01-11T11:12:35","guid":{"rendered":"https:\/\/agora.xtec.cat\/escolaandersen\/?p=1111"},"modified":"2024-01-11T12:14:45","modified_gmt":"2024-01-11T11:14:45","slug":"participacio-en-el-concurs-apilo-xii","status":"publish","type":"post","link":"https:\/\/agora.xtec.cat\/escolaandersen\/general\/participacio-en-el-concurs-apilo-xii\/","title":{"rendered":"PARTICIPACI\u00d3 EN EL CONCURS APILO XII"},"content":{"rendered":"<p>Benvolgudes fam\u00edlies,<\/p>\n<div>des de l&#8217;escola i dins el projecte Escola Verda, ens hem unit a la iniciativa &#8220;Apilo Xll&#8221; que consisteix a fer una<\/div>\n<div>recollida de piles i participar en un concurs amb altres escoles. Es tracta de recollir piles i acumuladors port\u00e0tils fins al dia 8 d&#8217;abril. Es consideren adequades les piles: pila bot\u00f3, est\u00e0ndards i les bateries de tel\u00e8fons m\u00f2bils, c\u00e0meres de v\u00eddeo i eines port\u00e0tils.<\/div>\n<div><\/div>\n<div>A banda de conscienciar a tota la comunitat educativa de la import\u00e0ncia de separar les piles, el fet de participar en aquest concurs implica unes activitats paral\u00b7leles que ens ofereixen a l&#8217;escola (ens vindran a explicar un conte i ens donen acc\u00e9s a diferents tallers i materials) i la possibilitat d&#8217;obtenir un premi econ\u00f2mic (1500 euros).<\/div>\n<div><\/div>\n<div>Si seguiu aquest enlla\u00e7 podreu veure recomanacions per fer a casa i tindreu m\u00e9s informaci\u00f3 sobre aquesta iniciativa que porta a terme la Generalitat.<\/div>\n<div><\/div>\n<div><a href=\"https:\/\/www.apilo.cat\/\" target=\"_blank\" rel=\"noopener\" data-saferedirecturl=\"https:\/\/www.google.com\/url?q=https:\/\/www.apilo.cat\/&amp;source=gmail&amp;ust=1705057708036000&amp;usg=AOvVaw3fZwiVRMcw2qt2M2EQc_Gg\">https:\/\/www.apilo.cat\/<\/a><\/div>\n<div><\/div>\n<div>Us animem a participar-hi portant les piles a l&#8217;escola i dipositant-les en el coet &#8220;Apilo Xll&#8221; que trobareu entre el despatx de la Dolors i el despatx de Direcci\u00f3.<\/div>\n<div><\/div>\n<div>Junts fem escola<\/div>\n<div><\/div>\n<div><\/div>\n<div style=\"text-align: center;\"><a href=\"https:\/\/agora.xtec.cat\/escolaandersen\/wp-content\/uploads\/usu2380\/2024\/01\/salvapantallas-1.jpg\"><img loading=\"lazy\" decoding=\"async\" class=\"alignnone size-full wp-image-1117\" src=\"https:\/\/agora.xtec.cat\/escolaandersen\/wp-content\/uploads\/usu2380\/2024\/01\/salvapantallas-1.jpg\" alt=\"\" width=\"300\" height=\"205\" \/><\/a><\/div>\n<p>&nbsp;<\/p>\n<p>&nbsp;<\/p>\n<p>&nbsp;<\/p>\n<p style=\"text-align: center;\">\n","protected":false},"excerpt":{"rendered":"<p>Benvolgudes fam\u00edlies,<br \/>\ndes de l&#8217;escola i dins el projecte Escola Verda, ens hem unit a la iniciativa &#8220;Apilo Xll&#8221; que consisteix a fer una<br \/>\nrecollida de piles i participar en un concurs amb altres escoles. Es tracta de recollir piles i acumuladors port\u00e0tils fins al dia 8&hellip;  <a href=\"https:\/\/agora.xtec.cat\/escolaandersen\/general\/participacio-en-el-concurs-apilo-xii\/\" title=\"Read PARTICIPACI\u00d3 EN EL CONCURS APILO XII\">Llegeix m\u00e9s\u00bb<\/a><\/p>\n","protected":false},"author":4,"featured_media":1113,"comment_status":"open","ping_status":"closed","sticky":false,"template":"","format":"standard","meta":{"_bbp_topic_count":0,"_bbp_reply_count":0,"_bbp_total_topic_count":0,"_bbp_total_reply_count":0,"_bbp_voice_count":0,"_bbp_anonymous_reply_count":0,"_bbp_topic_count_hidden":0,"_bbp_reply_count_hidden":0,"_bbp_forum_subforum_count":0,"footnotes":""},"categories":[1,4],"tags":[],"class_list":["post-1111","post","type-post","status-publish","format-standard","has-post-thumbnail","hentry","category-general","category-portada"],"post_mailing_queue_ids":[],"_links":{"self":[{"href":"https:\/\/agora.xtec.cat\/escolaandersen\/wp-json\/wp\/v2\/posts\/1111","targetHints":{"allow":["GET"]}}],"collection":[{"href":"https:\/\/agora.xtec.cat\/escolaandersen\/wp-json\/wp\/v2\/posts"}],"about":[{"href":"https:\/\/agora.xtec.cat\/escolaandersen\/wp-json\/wp\/v2\/types\/post"}],"author":[{"embeddable":true,"href":"https:\/\/agora.xtec.cat\/escolaandersen\/wp-json\/wp\/v2\/users\/4"}],"replies":[{"embeddable":true,"href":"https:\/\/agora.xtec.cat\/escolaandersen\/wp-json\/wp\/v2\/comments?post=1111"}],"version-history":[{"count":5,"href":"https:\/\/agora.xtec.cat\/escolaandersen\/wp-json\/wp\/v2\/posts\/1111\/revisions"}],"predecessor-version":[{"id":1116,"href":"https:\/\/agora.xtec.cat\/escolaandersen\/wp-json\/wp\/v2\/posts\/1111\/revisions\/1116"}],"wp:featuredmedia":[{"embeddable":true,"href":"https:\/\/agora.xtec.cat\/escolaandersen\/wp-json\/wp\/v2\/media\/1113"}],"wp:attachment":[{"href":"https:\/\/agora.xtec.cat\/escolaandersen\/wp-json\/wp\/v2\/media?parent=1111"}],"wp:term":[{"taxonomy":"category","embeddable":true,"href":"https:\/\/agora.xtec.cat\/escolaandersen\/wp-json\/wp\/v2\/categories?post=1111"},{"taxonomy":"post_tag","embeddable":true,"href":"https:\/\/agora.xtec.cat\/escolaandersen\/wp-json\/wp\/v2\/tags?post=1111"}],"curies":[{"name":"wp","href":"https:\/\/api.w.org\/{rel}","templated":true}]}}