{"id":1059,"date":"2023-12-19T09:18:46","date_gmt":"2023-12-19T08:18:46","guid":{"rendered":"https:\/\/agora.xtec.cat\/escolaandersen\/?p=1059"},"modified":"2023-12-19T09:34:42","modified_gmt":"2023-12-19T08:34:42","slug":"ens-visita-la-pilarin-a-lescola","status":"publish","type":"post","link":"https:\/\/agora.xtec.cat\/escolaandersen\/general\/ens-visita-la-pilarin-a-lescola\/","title":{"rendered":"Ens visita la Pilar\u00edn a l&#8217;escola"},"content":{"rendered":"<p>Benvolgudes fam\u00edlies,<\/p>\n<p>Ahir els infants d&#8217;educaci\u00f3 infantil van tenir una visita molt especial. Ens va visitar la Pilar\u00edn, fa uns quants anys mare de l&#8217;escola. Ens va fer gaudir amb la seva pres\u00e8ncia i els seus dibuixos. En un moment feia m\u00e0gia i en un full blanc on no hi havia res apareixien follets, extraterrestres, ratolins i un munt de personatges fant\u00e0stics m\u00e9s! Per desitjar-li bones festes li vam cantar can\u00e7ons i li vam regalar un Patufet ben dol\u00e7!<\/p>\n<p>Ens complau compartir amb vosaltres algunes fotos que trobareu al Drive del vostre compte de l&#8217;escola.<\/p>\n<p><a href=\"https:\/\/drive.google.com\/drive\/folders\/1vhoBuob1XCKbDMgVwlzHchh8MiiSeyCa?usp=sharing\" target=\"_blank\" rel=\"noopener\">Fotos de la visita<\/a><\/p>\n<p><a href=\"https:\/\/agora.xtec.cat\/escolaandersen\/wp-content\/uploads\/usu2380\/2023\/12\/f4b62a9c-e007-4d78-913c-5ff73c080357-1.jpg\"><img loading=\"lazy\" decoding=\"async\" class=\"alignnone size-full wp-image-1062\" src=\"https:\/\/agora.xtec.cat\/escolaandersen\/wp-content\/uploads\/usu2380\/2023\/12\/f4b62a9c-e007-4d78-913c-5ff73c080357-1.jpg\" alt=\"\" width=\"768\" height=\"1024\" srcset=\"https:\/\/agora.xtec.cat\/escolaandersen\/wp-content\/uploads\/usu2380\/2023\/12\/f4b62a9c-e007-4d78-913c-5ff73c080357-1.jpg 768w, https:\/\/agora.xtec.cat\/escolaandersen\/wp-content\/uploads\/usu2380\/2023\/12\/f4b62a9c-e007-4d78-913c-5ff73c080357-1-225x300.jpg 225w\" sizes=\"auto, (max-width: 768px) 100vw, 768px\" \/><\/a><\/p>\n","protected":false},"excerpt":{"rendered":"<p>Benvolgudes fam\u00edlies,<br \/>\nAhir els infants d&#8217;educaci\u00f3 infantil van tenir una visita molt especial. Ens va visitar la Pilar\u00edn, fa uns quants anys mare de l&#8217;escola. Ens va fer gaudir amb la seva pres\u00e8ncia i els seus dibuixos. En un moment feia m\u00e0gia i en un full&hellip;  <a href=\"https:\/\/agora.xtec.cat\/escolaandersen\/general\/ens-visita-la-pilarin-a-lescola\/\" title=\"Read Ens visita la Pilar\u00edn a l&#8217;escola\">Llegeix m\u00e9s\u00bb<\/a><\/p>\n","protected":false},"author":6,"featured_media":0,"comment_status":"open","ping_status":"closed","sticky":false,"template":"","format":"standard","meta":{"_bbp_topic_count":0,"_bbp_reply_count":0,"_bbp_total_topic_count":0,"_bbp_total_reply_count":0,"_bbp_voice_count":0,"_bbp_anonymous_reply_count":0,"_bbp_topic_count_hidden":0,"_bbp_reply_count_hidden":0,"_bbp_forum_subforum_count":0,"footnotes":""},"categories":[1,4],"tags":[],"class_list":["post-1059","post","type-post","status-publish","format-standard","hentry","category-general","category-portada"],"post_mailing_queue_ids":[],"_links":{"self":[{"href":"https:\/\/agora.xtec.cat\/escolaandersen\/wp-json\/wp\/v2\/posts\/1059","targetHints":{"allow":["GET"]}}],"collection":[{"href":"https:\/\/agora.xtec.cat\/escolaandersen\/wp-json\/wp\/v2\/posts"}],"about":[{"href":"https:\/\/agora.xtec.cat\/escolaandersen\/wp-json\/wp\/v2\/types\/post"}],"author":[{"embeddable":true,"href":"https:\/\/agora.xtec.cat\/escolaandersen\/wp-json\/wp\/v2\/users\/6"}],"replies":[{"embeddable":true,"href":"https:\/\/agora.xtec.cat\/escolaandersen\/wp-json\/wp\/v2\/comments?post=1059"}],"version-history":[{"count":7,"href":"https:\/\/agora.xtec.cat\/escolaandersen\/wp-json\/wp\/v2\/posts\/1059\/revisions"}],"predecessor-version":[{"id":1074,"href":"https:\/\/agora.xtec.cat\/escolaandersen\/wp-json\/wp\/v2\/posts\/1059\/revisions\/1074"}],"wp:attachment":[{"href":"https:\/\/agora.xtec.cat\/escolaandersen\/wp-json\/wp\/v2\/media?parent=1059"}],"wp:term":[{"taxonomy":"category","embeddable":true,"href":"https:\/\/agora.xtec.cat\/escolaandersen\/wp-json\/wp\/v2\/categories?post=1059"},{"taxonomy":"post_tag","embeddable":true,"href":"https:\/\/agora.xtec.cat\/escolaandersen\/wp-json\/wp\/v2\/tags?post=1059"}],"curies":[{"name":"wp","href":"https:\/\/api.w.org\/{rel}","templated":true}]}}