{"id":1051,"date":"2023-12-15T20:12:42","date_gmt":"2023-12-15T19:12:42","guid":{"rendered":"https:\/\/agora.xtec.cat\/escolaandersen\/?p=1051"},"modified":"2023-12-15T20:12:42","modified_gmt":"2023-12-15T19:12:42","slug":"sortida-al-parc-neolitic-de-la-draga","status":"publish","type":"post","link":"https:\/\/agora.xtec.cat\/escolaandersen\/general\/sortida-al-parc-neolitic-de-la-draga\/","title":{"rendered":"Sortida al Parc Neol\u00edtic de la Draga"},"content":{"rendered":"<p>Hola fam\u00edlies!<\/p>\n<p>El passat 30 de novembre, l&#8217;alumnat de 2n vam anar a Banyoles, al Parc Neol\u00edtic de la Draga. Sortida relacionada amb el projecte d&#8217;aula que estem treballant, la Prehist\u00f2ria.<\/p>\n<p>Durant la jornada, vam poder con\u00e8ixer m\u00e9s sobre aquesta \u00e8poca: com vivien, com ca\u00e7aven, com feien la farina, quina \u00e9s la feina dels arque\u00f2legs, etc.<\/p>\n<p>Els infants van participar i gaudir molt\u00edssim. A m\u00e9s va fer un dia espl\u00e8ndid!<\/p>\n<p>Aqu\u00ed us deixem les fotos i v\u00eddeos que vam fer.<\/p>\n<p><a href=\"https:\/\/drive.google.com\/drive\/folders\/154nxqYzIqOYx_BQ-1B8IqYK8PXBq-YJR?usp=sharing\">Parc de la Draga.<\/a><\/p>\n<p>&nbsp;<\/p>\n","protected":false},"excerpt":{"rendered":"<p>Hola fam\u00edlies!<br \/>\nEl passat 30 de novembre, l&#8217;alumnat de 2n vam anar a Banyoles, al Parc Neol\u00edtic de la Draga. Sortida relacionada amb el projecte d&#8217;aula que estem treballant, la Prehist\u00f2ria.<br \/>\nDurant la jornada, vam poder con\u00e8ixer m\u00e9s sobre aquesta \u00e8poca: com vivien, com ca\u00e7aven, com feien&hellip;  <a href=\"https:\/\/agora.xtec.cat\/escolaandersen\/general\/sortida-al-parc-neolitic-de-la-draga\/\" title=\"Read Sortida al Parc Neol\u00edtic de la Draga\">Llegeix m\u00e9s\u00bb<\/a><\/p>\n","protected":false},"author":6,"featured_media":0,"comment_status":"open","ping_status":"closed","sticky":false,"template":"","format":"standard","meta":{"_bbp_topic_count":0,"_bbp_reply_count":0,"_bbp_total_topic_count":0,"_bbp_total_reply_count":0,"_bbp_voice_count":0,"_bbp_anonymous_reply_count":0,"_bbp_topic_count_hidden":0,"_bbp_reply_count_hidden":0,"_bbp_forum_subforum_count":0,"footnotes":""},"categories":[1,4],"tags":[],"class_list":["post-1051","post","type-post","status-publish","format-standard","hentry","category-general","category-portada"],"post_mailing_queue_ids":[],"_links":{"self":[{"href":"https:\/\/agora.xtec.cat\/escolaandersen\/wp-json\/wp\/v2\/posts\/1051","targetHints":{"allow":["GET"]}}],"collection":[{"href":"https:\/\/agora.xtec.cat\/escolaandersen\/wp-json\/wp\/v2\/posts"}],"about":[{"href":"https:\/\/agora.xtec.cat\/escolaandersen\/wp-json\/wp\/v2\/types\/post"}],"author":[{"embeddable":true,"href":"https:\/\/agora.xtec.cat\/escolaandersen\/wp-json\/wp\/v2\/users\/6"}],"replies":[{"embeddable":true,"href":"https:\/\/agora.xtec.cat\/escolaandersen\/wp-json\/wp\/v2\/comments?post=1051"}],"version-history":[{"count":1,"href":"https:\/\/agora.xtec.cat\/escolaandersen\/wp-json\/wp\/v2\/posts\/1051\/revisions"}],"predecessor-version":[{"id":1052,"href":"https:\/\/agora.xtec.cat\/escolaandersen\/wp-json\/wp\/v2\/posts\/1051\/revisions\/1052"}],"wp:attachment":[{"href":"https:\/\/agora.xtec.cat\/escolaandersen\/wp-json\/wp\/v2\/media?parent=1051"}],"wp:term":[{"taxonomy":"category","embeddable":true,"href":"https:\/\/agora.xtec.cat\/escolaandersen\/wp-json\/wp\/v2\/categories?post=1051"},{"taxonomy":"post_tag","embeddable":true,"href":"https:\/\/agora.xtec.cat\/escolaandersen\/wp-json\/wp\/v2\/tags?post=1051"}],"curies":[{"name":"wp","href":"https:\/\/api.w.org\/{rel}","templated":true}]}}