{"id":1038,"date":"2023-12-21T14:38:43","date_gmt":"2023-12-21T13:38:43","guid":{"rendered":"https:\/\/agora.xtec.cat\/escolaandersen\/?p=1038"},"modified":"2023-12-21T14:38:43","modified_gmt":"2023-12-21T13:38:43","slug":"afa-informa-37","status":"publish","type":"post","link":"https:\/\/agora.xtec.cat\/escolaandersen\/afa\/afa-informa-37\/","title":{"rendered":"AFA INFORMA 37"},"content":{"rendered":"<p><a href=\"https:\/\/agora.xtec.cat\/escolaandersen\/wp-content\/uploads\/usu2380\/2023\/11\/cap_afainforma-3.png\"><img loading=\"lazy\" decoding=\"async\" class=\"alignnone size-large wp-image-907\" src=\"https:\/\/agora.xtec.cat\/escolaandersen\/wp-content\/uploads\/usu2380\/2023\/11\/cap_afainforma-3-1024x178.png\" alt=\"\" width=\"1024\" height=\"178\" srcset=\"https:\/\/agora.xtec.cat\/escolaandersen\/wp-content\/uploads\/usu2380\/2023\/11\/cap_afainforma-3-1024x178.png 1024w, https:\/\/agora.xtec.cat\/escolaandersen\/wp-content\/uploads\/usu2380\/2023\/11\/cap_afainforma-3-300x52.png 300w, https:\/\/agora.xtec.cat\/escolaandersen\/wp-content\/uploads\/usu2380\/2023\/11\/cap_afainforma-3-768x133.png 768w, https:\/\/agora.xtec.cat\/escolaandersen\/wp-content\/uploads\/usu2380\/2023\/11\/cap_afainforma-3.png 1280w\" sizes=\"auto, (max-width: 1024px) 100vw, 1024px\" \/><\/a><\/p>\n<ul>\n<li style=\"list-style-type: none;\">\n<ul>\n<li style=\"list-style-type: none;\">\n<ul>\n<li dir=\"ltr\" aria-level=\"2\">\n<p dir=\"ltr\" role=\"presentation\"><a href=\"#seccio-1\">VALORACI\u00d3 MERCAT DE LES 3R<\/a><\/p>\n<\/li>\n<li dir=\"ltr\" aria-level=\"2\">\n<p dir=\"ltr\" role=\"presentation\"><a href=\"#seccio-2\">VALORACI\u00d3 XERRADA SOBRE CIBERSEGURETAT<\/a><\/p>\n<\/li>\n<li dir=\"ltr\" aria-level=\"2\">\n<p dir=\"ltr\" role=\"presentation\"><a href=\"#seccio-3\">PLA\u00c7A\u00a0 DE LES CULTURES<\/a><\/p>\n<\/li>\n<li dir=\"ltr\" aria-level=\"2\">\n<p dir=\"ltr\" role=\"presentation\"><a href=\"#seccio-4\">BONES FESTES<\/a><\/p>\n<\/li>\n<li dir=\"ltr\" aria-level=\"2\">\n<p dir=\"ltr\" role=\"presentation\"><a href=\"#seccio-5\">VOLEU VENIR A UNA JUNTA?<\/a><\/p>\n<\/li>\n<li dir=\"ltr\" aria-level=\"2\">\n<p dir=\"ltr\" role=\"presentation\"><a href=\"#seccio-6\">AGENDA<\/a><\/p>\n<\/li>\n<\/ul>\n<\/li>\n<\/ul>\n<\/li>\n<\/ul>\n<hr \/>\n<div class=\"CjVfdc\">\n<p>&nbsp;<\/p>\n<h1 dir=\"ltr\"><a id=\"seccio-1\"><\/a>EL MERCAT DE LES 3R<\/h1>\n<\/div>\n<p><span style=\"font-weight: 400;\">El diumenge 13 de novembre, es va celebrar un any m\u00e9s, ja \u00e9s la setzena edici\u00f3, el mercat de les 3R (Reduir, Reutilitzar i Reciclar). Els alumnes de 4t, 5\u00e8 i 6\u00e8 van preparar unes treballades parades per vendre totes aquelles joguines, llibres i altres materials educatius en bon estat que ja no utilitzen. Juntament amb les parades, els Amics de l\u2019Andersen van oferir una xocolatada per poder sucar la gran varietat de pastissos casolans que les fam\u00edlies van portar.<\/span><\/p>\n<p><span style=\"font-weight: 400;\">Igual que els darrers anys, es van valorar totes les parades tenint en compte: els materials utilitzats i la seva decoraci\u00f3; els productes a vendre i la seva col\u00b7locaci\u00f3 en la parada; el treball en equip dels \u201cparadistes\u201d; i, finalment, les estrat\u00e8gies utilitzades per vendre els seus productes. Despr\u00e9s d\u2019una dif\u00edcil valoraci\u00f3 de totes les parades, es va donar com a guanyadora la parada \u201cNova Generaci\u00f3\u201d.<\/span><\/p>\n<p><a href=\"https:\/\/agora.xtec.cat\/escolaandersen\/wp-content\/uploads\/usu2380\/2023\/12\/Captura-de-pantalla-2023-12-18-a-les-15.30.49.png\"><img loading=\"lazy\" decoding=\"async\" class=\"wp-image-1053 aligncenter\" src=\"https:\/\/agora.xtec.cat\/escolaandersen\/wp-content\/uploads\/usu2380\/2023\/12\/Captura-de-pantalla-2023-12-18-a-les-15.30.49-1024x498.png\" alt=\"\" width=\"782\" height=\"379\" srcset=\"https:\/\/agora.xtec.cat\/escolaandersen\/wp-content\/uploads\/usu2380\/2023\/12\/Captura-de-pantalla-2023-12-18-a-les-15.30.49-1024x498.png 1024w, https:\/\/agora.xtec.cat\/escolaandersen\/wp-content\/uploads\/usu2380\/2023\/12\/Captura-de-pantalla-2023-12-18-a-les-15.30.49-300x146.png 300w\" sizes=\"auto, (max-width: 782px) 100vw, 782px\" \/><\/a><\/p>\n<p><span style=\"font-weight: 400;\">En aquesta festa de les 3R les parades van recaptar un total de 1.675,87 \u20ac i pels donatius de la xocolatada es van recaptar 459,36\u20ac. Aquests diners es destinaran a millores de l\u2019Escola.<\/span><\/p>\n<p><span style=\"font-weight: 400;\">Els objectes que no es van vendre al mercat els va recollir l\u2019Associaci\u00f3 Ashes de Vic.<\/span><\/p>\n<p><span style=\"font-weight: 400;\">Us esperem el proper any amb alguna erra m\u00e9s (&#8230;Reparar i Recuperar).<\/span><\/p>\n<p>&nbsp;<\/p>\n<hr \/>\n<div class=\"CjVfdc\">\n<p>&nbsp;<\/p>\n<h1 dir=\"ltr\"><a id=\"seccio-2\"><\/a>XERRADA DE CIBERSEGURETAT<\/h1>\n<\/div>\n<p>El passat 24 de novembre l&#8217;Eduard Bantul\u00e0, pare de l&#8217;Escola, que treballa en temes de Ciberseguretat, ens va oferir una xerrada sobre el tema per a les fam\u00edlies. Va ser molt interessant, ens va donar consells per actuar de manera segura a la xarxa i poder guiar els infants en l&#8217;entorn digital. Li estem molt agra\u00efts per haver-nos dedicat desinteressadament una estona del seu temps i haver compartit amb nosaltres els seus coneixements de seguretat a la xarxa.<\/p>\n<p><a href=\"https:\/\/agora.xtec.cat\/escolaandersen\/wp-content\/uploads\/usu2380\/2023\/12\/IMG-20231218-WA0009.jpg\"><img loading=\"lazy\" decoding=\"async\" class=\"wp-image-1057 aligncenter\" src=\"https:\/\/agora.xtec.cat\/escolaandersen\/wp-content\/uploads\/usu2380\/2023\/12\/IMG-20231218-WA0009-1024x577.jpg\" alt=\"\" width=\"736\" height=\"412\" \/><\/a><\/p>\n<hr \/>\n<div class=\"CjVfdc\">\n<p>&nbsp;<\/p>\n<h1 dir=\"ltr\"><a id=\"seccio-3\"><\/a>PLA\u00c7A DE LES CULTURES<\/h1>\n<\/div>\n<p><b>Es tracta d\u2019un espai de trobada entre totes les cultures participants i que conviuen cada dia a l\u2019Escola Andersen.<\/b><\/p>\n<p>&#8216;Pla\u00e7a de les Cultures&#8217; neix amb l\u2019objectiu de seguir treballant per la cohesi\u00f3 de tota la comunitat de l\u2019Escola i prendre consci\u00e8ncia de l\u2019alta diversitat i riquesa cultural que hi conviu cada dia.<\/p>\n<p>Aix\u00ed doncs, iniciarem el nou any 2024 i obrirem el tel\u00f3 amb aquesta nova iniciativa cultural, que sota el nom \u2018<b>Pla\u00e7a de les Cultures\u2019<\/b> ens permetr\u00e0 con\u00e8ixer un xic m\u00e9s Catalunya, Marroc, Col\u00f2mbia, l&#8217;Argentina, Ucra\u00efna, Ge\u00f2rgia i l&#8217;\u00cdndia. A banda que s\u2019oferir\u00e0 una oferta i degustaci\u00f3 gastron\u00f2mica de totes elles.<\/p>\n<p>&nbsp;<\/p>\n<p><a href=\"https:\/\/agora.xtec.cat\/escolaandersen\/wp-content\/uploads\/usu2380\/2023\/12\/Captura-de-pantalla-2023-12-19-124707.png\"><img loading=\"lazy\" decoding=\"async\" class=\"wp-image-1076 aligncenter\" src=\"https:\/\/agora.xtec.cat\/escolaandersen\/wp-content\/uploads\/usu2380\/2023\/12\/Captura-de-pantalla-2023-12-19-124707.png\" alt=\"\" width=\"289\" height=\"355\" srcset=\"https:\/\/agora.xtec.cat\/escolaandersen\/wp-content\/uploads\/usu2380\/2023\/12\/Captura-de-pantalla-2023-12-19-124707.png 625w, https:\/\/agora.xtec.cat\/escolaandersen\/wp-content\/uploads\/usu2380\/2023\/12\/Captura-de-pantalla-2023-12-19-124707-244x300.png 244w\" sizes=\"auto, (max-width: 289px) 100vw, 289px\" \/><\/a><\/p>\n<p>La primera edici\u00f3 tindr\u00e0 lloc el <strong>divendres 19 de gener de 4 a 6 de la tarda,<\/strong> on tota la comunitat educativa (alumnes, mestres i fam\u00edlies) podr\u00e0 con\u00e8ixer aspectes vinculats amb la \u2018vestimenta\u2019 i\/o altres curiositats.<\/p>\n<p>Aquesta activitat \u00e9s possible gr\u00e0cies a la implicaci\u00f3 de fam\u00edlies procedents de totes aquestes cultures i sota el paraigua\u00a0<b>d\u2019Amics de l\u2019Andersen<\/b>, una associaci\u00f3 que promou la\u00a0<b>SOLIDARITAT<\/b>\u00a0i cerca finan\u00e7ament per tal que\u00a0<b>TOTS\u00a0<\/b>els infants puguin gaudir de les col\u00f2nies i\/o altres activitats.<\/p>\n<p>Us hi esperem!!!!<\/p>\n<div class=\"CjVfdc\">\n<hr \/>\n<h1 dir=\"ltr\"><a id=\"seccio-4\"><\/a>BONES FESTES<\/h1>\n<\/div>\n<p>Benvolgudes fam\u00edlies,<\/p>\n<p>El missatge de l&#8217;AFA d&#8217;aquest Nadal \u00e9s un missatge de <strong>PAU<\/strong>. No tant de la joia de la PAU, sin\u00f3 de la reivindicaci\u00f3 d&#8217;aquesta.<\/p>\n<p>Tenim molt present que, malgrat nosaltres estiguem de Festes, hi ha fam\u00edlies que estan patint la guerra. I no podem passar-ho per alt perqu\u00e8 les xifres d&#8217;infants morts aquests \u00faltims mesos \u00e9s esgarrifosa.<\/p>\n<p>Tant de bo sapiguem educar els nostre fills per la PAU.<\/p>\n<p><em><strong>&#8220;No hi ha cam\u00ed per la PAU, la PAU \u00e9s el cam\u00ed&#8221;, <\/strong><\/em>de Mahatma Gandhi.<\/p>\n<div><\/div>\n<div><a href=\"https:\/\/agora.xtec.cat\/escolaandersen\/wp-content\/uploads\/usu2380\/2023\/12\/postal-AFA.jpg\"><img loading=\"lazy\" decoding=\"async\" class=\"wp-image-1092 aligncenter\" src=\"https:\/\/agora.xtec.cat\/escolaandersen\/wp-content\/uploads\/usu2380\/2023\/12\/postal-AFA.jpg\" alt=\"\" width=\"365\" height=\"362\" \/><\/a><\/div>\n<p>&nbsp;<\/p>\n<hr \/>\n<div><\/div>\n<div class=\"CjVfdc\">\n<h1 dir=\"ltr\"><a id=\"seccio-5\"><\/a>VOLEU VENIR A LA JUNTA?<\/h1>\n<\/div>\n<p class=\"zfr3Q CDt4Ke \" dir=\"ltr\"><span class=\"C9DxTc \">Sabeu que cada primer DIMECRES de mes, a les 21h, ens reunim la Junta de l\u2019AFA? Sabeu que podeu participar, comentar o, simplement, escoltar? Sabeu que a les juntes plantegem, dialoguem i acordem accions importants per a l\u2019educaci\u00f3 dels nostres fills i filles? Doncs ara ja ho sabeu!<\/span><\/p>\n<p class=\"zfr3Q CDt4Ke \" dir=\"ltr\"><span class=\"C9DxTc \">Aix\u00ed que, sapigueu que sereu molt benvinguts! Per\u00f2 us avisem: venir a les juntes enganxa. ;P<\/span><\/p>\n<p class=\"zfr3Q CDt4Ke \" dir=\"ltr\"><span class=\"C9DxTc \">Si voleu participar-hi, envieu un mail a <\/span><span class=\"C9DxTc \">afa@andersen.cat<\/span><\/p>\n<div class=\"CjVfdc\">\n<hr \/>\n<h1 dir=\"ltr\"><a id=\"seccio-6\"><\/a>AGENDA<\/h1>\n<\/div>\n<p><a href=\"https:\/\/agora.xtec.cat\/escolaandersen\/wp-content\/uploads\/usu2380\/2023\/12\/Yellow-Post-it-Note-Class-Reminder-Classroom-Announcement-1-2.png\"><img loading=\"lazy\" decoding=\"async\" class=\"wp-image-1096 aligncenter\" src=\"https:\/\/agora.xtec.cat\/escolaandersen\/wp-content\/uploads\/usu2380\/2023\/12\/Yellow-Post-it-Note-Class-Reminder-Classroom-Announcement-1-2.png\" alt=\"\" width=\"374\" height=\"378\" \/><\/a><\/p>\n","protected":false},"excerpt":{"rendered":"<p><a href=\"https:\/\/agora.xtec.cat\/escolaandersen\/wp-content\/uploads\/usu2380\/2023\/11\/cap_afainforma-3.png\"><\/a><\/p>\n<ul>\n<li style=\"list-style-type: none;\">\n<ul>\n<li style=\"list-style-type: none;\">\n<ul>\n<li dir=\"ltr\" aria-level=\"2\">\n<a href=\"#seccio-1\">VALORACI\u00d3 MERCAT DE LES 3R<\/a>\n<\/li>\n<li dir=\"ltr\" aria-level=\"2\">\n<a href=\"#seccio-2\">VALORACI\u00d3 XERRADA SOBRE CIBERSEGURETAT<\/a>\n<\/li>\n<li dir=\"ltr\" aria-level=\"2\">\n<a href=\"#seccio-3\">PLA\u00c7A\u00a0 DE LES CULTURES<\/a>\n<\/li>\n<li dir=\"ltr\" aria-level=\"2\">\n<a href=\"#seccio-4\">BONES FESTES<\/a>\n<\/li>\n<li dir=\"ltr\" aria-level=\"2\">\n<a href=\"#seccio-5\">VOLEU VENIR A UNA JUNTA?<\/a>\n<\/li>\n<li dir=\"ltr\" aria-level=\"2\">\n<a href=\"#seccio-6\">AGENDA<\/a>\n<\/li>\n<\/ul>\n<\/li>\n<\/ul>\n<\/li>\n<\/ul>\n<p>&nbsp;<br \/>\n<a id=\"seccio-1\"><\/a>EL MERCAT DE LES 3R<\/p>\n<p>El diumenge&hellip;  <a href=\"https:\/\/agora.xtec.cat\/escolaandersen\/afa\/afa-informa-37\/\" title=\"Read AFA INFORMA 37\">Llegeix m\u00e9s\u00bb<\/a><\/p>\n","protected":false},"author":3,"featured_media":0,"comment_status":"open","ping_status":"closed","sticky":false,"template":"","format":"standard","meta":{"_bbp_topic_count":0,"_bbp_reply_count":0,"_bbp_total_topic_count":0,"_bbp_total_reply_count":0,"_bbp_voice_count":0,"_bbp_anonymous_reply_count":0,"_bbp_topic_count_hidden":0,"_bbp_reply_count_hidden":0,"_bbp_forum_subforum_count":0,"footnotes":""},"categories":[7],"tags":[],"class_list":["post-1038","post","type-post","status-publish","format-standard","hentry","category-afa"],"post_mailing_queue_ids":[],"_links":{"self":[{"href":"https:\/\/agora.xtec.cat\/escolaandersen\/wp-json\/wp\/v2\/posts\/1038","targetHints":{"allow":["GET"]}}],"collection":[{"href":"https:\/\/agora.xtec.cat\/escolaandersen\/wp-json\/wp\/v2\/posts"}],"about":[{"href":"https:\/\/agora.xtec.cat\/escolaandersen\/wp-json\/wp\/v2\/types\/post"}],"author":[{"embeddable":true,"href":"https:\/\/agora.xtec.cat\/escolaandersen\/wp-json\/wp\/v2\/users\/3"}],"replies":[{"embeddable":true,"href":"https:\/\/agora.xtec.cat\/escolaandersen\/wp-json\/wp\/v2\/comments?post=1038"}],"version-history":[{"count":6,"href":"https:\/\/agora.xtec.cat\/escolaandersen\/wp-json\/wp\/v2\/posts\/1038\/revisions"}],"predecessor-version":[{"id":1105,"href":"https:\/\/agora.xtec.cat\/escolaandersen\/wp-json\/wp\/v2\/posts\/1038\/revisions\/1105"}],"wp:attachment":[{"href":"https:\/\/agora.xtec.cat\/escolaandersen\/wp-json\/wp\/v2\/media?parent=1038"}],"wp:term":[{"taxonomy":"category","embeddable":true,"href":"https:\/\/agora.xtec.cat\/escolaandersen\/wp-json\/wp\/v2\/categories?post=1038"},{"taxonomy":"post_tag","embeddable":true,"href":"https:\/\/agora.xtec.cat\/escolaandersen\/wp-json\/wp\/v2\/tags?post=1038"}],"curies":[{"name":"wp","href":"https:\/\/api.w.org\/{rel}","templated":true}]}}