{"id":1025,"date":"2023-11-27T10:07:27","date_gmt":"2023-11-27T09:07:27","guid":{"rendered":"https:\/\/agora.xtec.cat\/escolaandersen\/?p=1025"},"modified":"2023-11-28T09:36:55","modified_gmt":"2023-11-28T08:36:55","slug":"nou-podcast-el-mercat-de-les-3-r","status":"publish","type":"post","link":"https:\/\/agora.xtec.cat\/escolaandersen\/general\/nou-podcast-el-mercat-de-les-3-r\/","title":{"rendered":"Nou p\u00f2dcast: El mercat de les 3 R"},"content":{"rendered":"<p>P\u00f2dcast Escola Andersen Episodi 2. &#8221; Mercat de les 3 R&#8221;. L&#8217;alumnat de cinqu\u00e8 ens explica l&#8217;esdeveniment que es realitza a l&#8217;escola el proper diumenge.<\/p>\n<p><a href=\"https:\/\/padlet.com\/felip13\/p-dcast-escola-andersen-dbwti19jrmuqr5qg\">Acc\u00e8s al p\u00f2dcast<\/a><\/p>\n<p><a href=\"https:\/\/agora.xtec.cat\/escolaandersen\/wp-content\/uploads\/usu2380\/2023\/11\/hacer-clic.gif\"><img loading=\"lazy\" decoding=\"async\" class=\"wp-image-1026 alignleft\" src=\"https:\/\/agora.xtec.cat\/escolaandersen\/wp-content\/uploads\/usu2380\/2023\/11\/hacer-clic.gif\" alt=\"\" width=\"76\" height=\"76\" \/><\/a><\/p>\n","protected":false},"excerpt":{"rendered":"<p>P\u00f2dcast Escola Andersen Episodi 2. &#8221; Mercat de les 3 R&#8221;. L&#8217;alumnat de cinqu\u00e8 ens explica l&#8217;esdeveniment que es realitza a l&#8217;escola el proper diumenge.<br \/>\n<a href=\"https:\/\/padlet.com\/felip13\/p-dcast-escola-andersen-dbwti19jrmuqr5qg\">Acc\u00e8s al p\u00f2dcast<\/a><br \/>\n<a href=\"https:\/\/agora.xtec.cat\/escolaandersen\/wp-content\/uploads\/usu2380\/2023\/11\/hacer-clic.gif\"><\/a><\/p>\n","protected":false},"author":6,"featured_media":0,"comment_status":"open","ping_status":"closed","sticky":false,"template":"","format":"standard","meta":{"_bbp_topic_count":0,"_bbp_reply_count":0,"_bbp_total_topic_count":0,"_bbp_total_reply_count":0,"_bbp_voice_count":0,"_bbp_anonymous_reply_count":0,"_bbp_topic_count_hidden":0,"_bbp_reply_count_hidden":0,"_bbp_forum_subforum_count":0,"footnotes":""},"categories":[1,4],"tags":[70,81,79,71,76,75,78,72,69],"class_list":["post-1025","post","type-post","status-publish","format-standard","hentry","category-general","category-portada","tag-andersen","tag-ciclesuperior","tag-educacio","tag-escola","tag-infantil","tag-osona","tag-podcast","tag-primaria","tag-vic"],"post_mailing_queue_ids":[],"_links":{"self":[{"href":"https:\/\/agora.xtec.cat\/escolaandersen\/wp-json\/wp\/v2\/posts\/1025","targetHints":{"allow":["GET"]}}],"collection":[{"href":"https:\/\/agora.xtec.cat\/escolaandersen\/wp-json\/wp\/v2\/posts"}],"about":[{"href":"https:\/\/agora.xtec.cat\/escolaandersen\/wp-json\/wp\/v2\/types\/post"}],"author":[{"embeddable":true,"href":"https:\/\/agora.xtec.cat\/escolaandersen\/wp-json\/wp\/v2\/users\/6"}],"replies":[{"embeddable":true,"href":"https:\/\/agora.xtec.cat\/escolaandersen\/wp-json\/wp\/v2\/comments?post=1025"}],"version-history":[{"count":3,"href":"https:\/\/agora.xtec.cat\/escolaandersen\/wp-json\/wp\/v2\/posts\/1025\/revisions"}],"predecessor-version":[{"id":1031,"href":"https:\/\/agora.xtec.cat\/escolaandersen\/wp-json\/wp\/v2\/posts\/1025\/revisions\/1031"}],"wp:attachment":[{"href":"https:\/\/agora.xtec.cat\/escolaandersen\/wp-json\/wp\/v2\/media?parent=1025"}],"wp:term":[{"taxonomy":"category","embeddable":true,"href":"https:\/\/agora.xtec.cat\/escolaandersen\/wp-json\/wp\/v2\/categories?post=1025"},{"taxonomy":"post_tag","embeddable":true,"href":"https:\/\/agora.xtec.cat\/escolaandersen\/wp-json\/wp\/v2\/tags?post=1025"}],"curies":[{"name":"wp","href":"https:\/\/api.w.org\/{rel}","templated":true}]}}