{"id":3710,"date":"2026-06-11T11:22:52","date_gmt":"2026-06-11T09:22:52","guid":{"rendered":"https:\/\/agora.xtec.cat\/escolaalzinareclamadora\/?p=3710"},"modified":"2026-06-11T11:22:53","modified_gmt":"2026-06-11T09:22:53","slug":"concert-a-la-llar-dinfants-els-plancons","status":"publish","type":"post","link":"https:\/\/agora.xtec.cat\/escolaalzinareclamadora\/general\/concert-a-la-llar-dinfants-els-plancons\/","title":{"rendered":"Concert a la Llar d&#8217;Infants Els Plan\u00e7ons"},"content":{"rendered":"\n<p>Avui dijous 11 de juny de 2026 l&#8217;alumnat de 2n ha ofert un petit concert als seus fillols\/es de la Llar d&#8217;Infants d&#8217;I2. El repertori ha estat molt variat: Can\u00e7\u00f3 per demanar que surti el sol, La granoteta, Un de jove i un de vell, El meu coet, A St Mar\u00e7al i per acabar l&#8217;espectacle de La bruixeta. Els infants han estat bocabadats durant tot el concert perqu\u00e8 la classe de 2n (Txaikovski) ho han fet amb molt professionalitat! Els felicitem!<\/p>\n\n\n\n<p>Per cert, el millor ha estat a l&#8217;acabar, els infants de la Llar tamb\u00e9 ens han cantat un parell de can\u00e7ons i despr\u00e9s hem anat a jugar amb ells al pati!<\/p>\n\n\n\n<figure class=\"wp-block-image size-full\"><a href=\"https:\/\/agora.xtec.cat\/escolaalzinareclamadora\/wp-content\/uploads\/usu2508\/2026\/06\/Llar-concert-2n.png\"><img loading=\"lazy\" decoding=\"async\" width=\"404\" height=\"184\" src=\"https:\/\/agora.xtec.cat\/escolaalzinareclamadora\/wp-content\/uploads\/usu2508\/2026\/06\/Llar-concert-2n.png\" alt=\"\" class=\"wp-image-3711\" srcset=\"https:\/\/agora.xtec.cat\/escolaalzinareclamadora\/wp-content\/uploads\/usu2508\/2026\/06\/Llar-concert-2n.png 404w, https:\/\/agora.xtec.cat\/escolaalzinareclamadora\/wp-content\/uploads\/usu2508\/2026\/06\/Llar-concert-2n-300x137.png 300w\" sizes=\"auto, (max-width: 404px) 100vw, 404px\" \/><\/a><\/figure>\n\n\n\n<p><\/p>\n","protected":false},"excerpt":{"rendered":"<p>Avui dijous 11 de juny de 2026 l&#8217;alumnat de 2n ha ofert un petit concert als seus fillols\/es de la Llar d&#8217;Infants d&#8217;I2. El repertori ha estat molt variat: Can\u00e7\u00f3 per demanar que surti el sol, La granoteta, Un de jove i un de vell, El meu coet, A St Mar\u00e7al i per acabar l&#8217;espectacle [&hellip;]<\/p>\n","protected":false},"author":12,"featured_media":3711,"comment_status":"closed","ping_status":"open","sticky":false,"template":"","format":"standard","meta":{"site-sidebar-layout":"default","site-content-layout":"","ast-site-content-layout":"default","site-content-style":"default","site-sidebar-style":"default","ast-global-header-display":"","ast-banner-title-visibility":"","ast-main-header-display":"","ast-hfb-above-header-display":"","ast-hfb-below-header-display":"","ast-hfb-mobile-header-display":"","site-post-title":"","ast-breadcrumbs-content":"","ast-featured-img":"","footer-sml-layout":"","theme-transparent-header-meta":"","adv-header-id-meta":"","stick-header-meta":"","header-above-stick-meta":"","header-main-stick-meta":"","header-below-stick-meta":"","astra-migrate-meta-layouts":"set","ast-page-background-enabled":"default","ast-page-background-meta":{"desktop":{"background-color":"var(--ast-global-color-4)","background-image":"","background-repeat":"repeat","background-position":"center center","background-size":"auto","background-attachment":"scroll","background-type":"","background-media":"","overlay-type":"","overlay-color":"","overlay-opacity":"","overlay-gradient":""},"tablet":{"background-color":"","background-image":"","background-repeat":"repeat","background-position":"center center","background-size":"auto","background-attachment":"scroll","background-type":"","background-media":"","overlay-type":"","overlay-color":"","overlay-opacity":"","overlay-gradient":""},"mobile":{"background-color":"","background-image":"","background-repeat":"repeat","background-position":"center center","background-size":"auto","background-attachment":"scroll","background-type":"","background-media":"","overlay-type":"","overlay-color":"","overlay-opacity":"","overlay-gradient":""}},"ast-content-background-meta":{"desktop":{"background-color":"var(--ast-global-color-5)","background-image":"","background-repeat":"repeat","background-position":"center center","background-size":"auto","background-attachment":"scroll","background-type":"","background-media":"","overlay-type":"","overlay-color":"","overlay-opacity":"","overlay-gradient":""},"tablet":{"background-color":"var(--ast-global-color-5)","background-image":"","background-repeat":"repeat","background-position":"center center","background-size":"auto","background-attachment":"scroll","background-type":"","background-media":"","overlay-type":"","overlay-color":"","overlay-opacity":"","overlay-gradient":""},"mobile":{"background-color":"var(--ast-global-color-5)","background-image":"","background-repeat":"repeat","background-position":"center center","background-size":"auto","background-attachment":"scroll","background-type":"","background-media":"","overlay-type":"","overlay-color":"","overlay-opacity":"","overlay-gradient":""}},"footnotes":""},"categories":[11,62,1,4,5],"tags":[],"class_list":["post-3710","post","type-post","status-publish","format-standard","has-post-thumbnail","hentry","category-2n","category-articles","category-general","category-portada","category-primaria"],"post_mailing_queue_ids":[],"_links":{"self":[{"href":"https:\/\/agora.xtec.cat\/escolaalzinareclamadora\/wp-json\/wp\/v2\/posts\/3710","targetHints":{"allow":["GET"]}}],"collection":[{"href":"https:\/\/agora.xtec.cat\/escolaalzinareclamadora\/wp-json\/wp\/v2\/posts"}],"about":[{"href":"https:\/\/agora.xtec.cat\/escolaalzinareclamadora\/wp-json\/wp\/v2\/types\/post"}],"author":[{"embeddable":true,"href":"https:\/\/agora.xtec.cat\/escolaalzinareclamadora\/wp-json\/wp\/v2\/users\/12"}],"replies":[{"embeddable":true,"href":"https:\/\/agora.xtec.cat\/escolaalzinareclamadora\/wp-json\/wp\/v2\/comments?post=3710"}],"version-history":[{"count":1,"href":"https:\/\/agora.xtec.cat\/escolaalzinareclamadora\/wp-json\/wp\/v2\/posts\/3710\/revisions"}],"predecessor-version":[{"id":3712,"href":"https:\/\/agora.xtec.cat\/escolaalzinareclamadora\/wp-json\/wp\/v2\/posts\/3710\/revisions\/3712"}],"wp:featuredmedia":[{"embeddable":true,"href":"https:\/\/agora.xtec.cat\/escolaalzinareclamadora\/wp-json\/wp\/v2\/media\/3711"}],"wp:attachment":[{"href":"https:\/\/agora.xtec.cat\/escolaalzinareclamadora\/wp-json\/wp\/v2\/media?parent=3710"}],"wp:term":[{"taxonomy":"category","embeddable":true,"href":"https:\/\/agora.xtec.cat\/escolaalzinareclamadora\/wp-json\/wp\/v2\/categories?post=3710"},{"taxonomy":"post_tag","embeddable":true,"href":"https:\/\/agora.xtec.cat\/escolaalzinareclamadora\/wp-json\/wp\/v2\/tags?post=3710"}],"curies":[{"name":"wp","href":"https:\/\/api.w.org\/{rel}","templated":true}]}}