{"id":3687,"date":"2025-06-26T16:25:41","date_gmt":"2025-06-26T14:25:41","guid":{"rendered":"https:\/\/agora.xtec.cat\/escolaadultspremia\/?p=3687"},"modified":"2025-06-26T16:25:41","modified_gmt":"2025-06-26T14:25:41","slug":"festa-final-de-curs-18-06-2025","status":"publish","type":"post","link":"https:\/\/agora.xtec.cat\/escolaadultspremia\/portada\/festa-final-de-curs-18-06-2025\/","title":{"rendered":"Festa final de curs (18\/06\/2025)"},"content":{"rendered":"\n<p>El passat dimecres 18 de juny, l\u2019escola va organitzar una festa oberta a tot l\u2019alumnat a la pla\u00e7a de l\u2019Esperanto de Premi\u00e0 de Mar. Durant la celebraci\u00f3, el centre va oferir menjar i begudes als assistents, i alguns alumnes van aportar i compartir plats casolans que havien preparat.<\/p>\n\n\n\n<p>L\u2019acte va comptar tamb\u00e9 amb una actuaci\u00f3 musical: dues alumnes del curs de Catal\u00e0 2 i un alumne del GES 2 van interpretar diverses can\u00e7ons, tot aportant un toc art\u00edstic i personal a la festa.<\/p>\n\n\n\n<figure class=\"wp-block-image size-large\"><a href=\"https:\/\/agora.xtec.cat\/escolaadultspremia\/wp-content\/uploads\/usu1270\/2025\/06\/WhatsApp-Image-2025-06-25-at-5.07.07-PM-3.jpeg\"><img loading=\"lazy\" decoding=\"async\" width=\"1024\" height=\"768\" src=\"https:\/\/agora.xtec.cat\/escolaadultspremia\/wp-content\/uploads\/usu1270\/2025\/06\/WhatsApp-Image-2025-06-25-at-5.07.07-PM-3-1024x768.jpeg\" alt=\"\" class=\"wp-image-3689\" srcset=\"https:\/\/agora.xtec.cat\/escolaadultspremia\/wp-content\/uploads\/usu1270\/2025\/06\/WhatsApp-Image-2025-06-25-at-5.07.07-PM-3-1024x768.jpeg 1024w, https:\/\/agora.xtec.cat\/escolaadultspremia\/wp-content\/uploads\/usu1270\/2025\/06\/WhatsApp-Image-2025-06-25-at-5.07.07-PM-3-300x225.jpeg 300w, https:\/\/agora.xtec.cat\/escolaadultspremia\/wp-content\/uploads\/usu1270\/2025\/06\/WhatsApp-Image-2025-06-25-at-5.07.07-PM-3-768x576.jpeg 768w, https:\/\/agora.xtec.cat\/escolaadultspremia\/wp-content\/uploads\/usu1270\/2025\/06\/WhatsApp-Image-2025-06-25-at-5.07.07-PM-3-1536x1152.jpeg 1536w, https:\/\/agora.xtec.cat\/escolaadultspremia\/wp-content\/uploads\/usu1270\/2025\/06\/WhatsApp-Image-2025-06-25-at-5.07.07-PM-3.jpeg 1600w\" sizes=\"auto, (max-width: 1024px) 100vw, 1024px\" \/><\/a><\/figure>\n\n\n\n<p><a href=\"https:\/\/photos.app.goo.gl\/wZMGo3jSp3B6pdGV6\">Cliqueu aqu\u00ed<\/a> per veure les fotos de l&#8217;esdeveniment<\/p>\n","protected":false},"excerpt":{"rendered":"<p>El passat dimecres 18 de juny, l\u2019escola va organitzar una festa oberta a tot l\u2019alumnat a la pla\u00e7a de l\u2019Esperanto [&hellip;]<\/p>\n","protected":false},"author":13,"featured_media":3689,"comment_status":"open","ping_status":"open","sticky":false,"template":"","format":"standard","meta":{"_bbp_topic_count":0,"_bbp_reply_count":0,"_bbp_total_topic_count":0,"_bbp_total_reply_count":0,"_bbp_voice_count":0,"_bbp_anonymous_reply_count":0,"_bbp_topic_count_hidden":0,"_bbp_reply_count_hidden":0,"_bbp_forum_subforum_count":0,"site-sidebar-layout":"default","site-content-layout":"","ast-site-content-layout":"default","site-content-style":"default","site-sidebar-style":"default","ast-global-header-display":"","ast-banner-title-visibility":"","ast-main-header-display":"","ast-hfb-above-header-display":"","ast-hfb-below-header-display":"","ast-hfb-mobile-header-display":"","site-post-title":"","ast-breadcrumbs-content":"","ast-featured-img":"","footer-sml-layout":"","theme-transparent-header-meta":"","adv-header-id-meta":"","stick-header-meta":"","header-above-stick-meta":"","header-main-stick-meta":"","header-below-stick-meta":"","astra-migrate-meta-layouts":"set","ast-page-background-enabled":"default","ast-page-background-meta":{"desktop":{"background-color":"var(--ast-global-color-4)","background-image":"","background-repeat":"repeat","background-position":"center center","background-size":"auto","background-attachment":"scroll","background-type":"","background-media":"","overlay-type":"","overlay-color":"","overlay-opacity":"","overlay-gradient":""},"tablet":{"background-color":"","background-image":"","background-repeat":"repeat","background-position":"center center","background-size":"auto","background-attachment":"scroll","background-type":"","background-media":"","overlay-type":"","overlay-color":"","overlay-opacity":"","overlay-gradient":""},"mobile":{"background-color":"","background-image":"","background-repeat":"repeat","background-position":"center center","background-size":"auto","background-attachment":"scroll","background-type":"","background-media":"","overlay-type":"","overlay-color":"","overlay-opacity":"","overlay-gradient":""}},"ast-content-background-meta":{"desktop":{"background-color":"var(--ast-global-color-5)","background-image":"","background-repeat":"repeat","background-position":"center center","background-size":"auto","background-attachment":"scroll","background-type":"","background-media":"","overlay-type":"","overlay-color":"","overlay-opacity":"","overlay-gradient":""},"tablet":{"background-color":"var(--ast-global-color-5)","background-image":"","background-repeat":"repeat","background-position":"center center","background-size":"auto","background-attachment":"scroll","background-type":"","background-media":"","overlay-type":"","overlay-color":"","overlay-opacity":"","overlay-gradient":""},"mobile":{"background-color":"var(--ast-global-color-5)","background-image":"","background-repeat":"repeat","background-position":"center center","background-size":"auto","background-attachment":"scroll","background-type":"","background-media":"","overlay-type":"","overlay-color":"","overlay-opacity":"","overlay-gradient":""}},"footnotes":""},"categories":[29],"tags":[],"class_list":["post-3687","post","type-post","status-publish","format-standard","has-post-thumbnail","hentry","category-portada"],"post_mailing_queue_ids":[],"_links":{"self":[{"href":"https:\/\/agora.xtec.cat\/escolaadultspremia\/wp-json\/wp\/v2\/posts\/3687","targetHints":{"allow":["GET"]}}],"collection":[{"href":"https:\/\/agora.xtec.cat\/escolaadultspremia\/wp-json\/wp\/v2\/posts"}],"about":[{"href":"https:\/\/agora.xtec.cat\/escolaadultspremia\/wp-json\/wp\/v2\/types\/post"}],"author":[{"embeddable":true,"href":"https:\/\/agora.xtec.cat\/escolaadultspremia\/wp-json\/wp\/v2\/users\/13"}],"replies":[{"embeddable":true,"href":"https:\/\/agora.xtec.cat\/escolaadultspremia\/wp-json\/wp\/v2\/comments?post=3687"}],"version-history":[{"count":2,"href":"https:\/\/agora.xtec.cat\/escolaadultspremia\/wp-json\/wp\/v2\/posts\/3687\/revisions"}],"predecessor-version":[{"id":3692,"href":"https:\/\/agora.xtec.cat\/escolaadultspremia\/wp-json\/wp\/v2\/posts\/3687\/revisions\/3692"}],"wp:featuredmedia":[{"embeddable":true,"href":"https:\/\/agora.xtec.cat\/escolaadultspremia\/wp-json\/wp\/v2\/media\/3689"}],"wp:attachment":[{"href":"https:\/\/agora.xtec.cat\/escolaadultspremia\/wp-json\/wp\/v2\/media?parent=3687"}],"wp:term":[{"taxonomy":"category","embeddable":true,"href":"https:\/\/agora.xtec.cat\/escolaadultspremia\/wp-json\/wp\/v2\/categories?post=3687"},{"taxonomy":"post_tag","embeddable":true,"href":"https:\/\/agora.xtec.cat\/escolaadultspremia\/wp-json\/wp\/v2\/tags?post=3687"}],"curies":[{"name":"wp","href":"https:\/\/api.w.org\/{rel}","templated":true}]}}