{"id":3205,"date":"2024-12-09T19:47:42","date_gmt":"2024-12-09T18:47:42","guid":{"rendered":"https:\/\/agora.xtec.cat\/escolaadultspremia\/?p=3205"},"modified":"2025-01-28T22:17:45","modified_gmt":"2025-01-28T21:17:45","slug":"els-paisos-de-linstrumental-3","status":"publish","type":"post","link":"https:\/\/agora.xtec.cat\/escolaadultspremia\/portada\/els-paisos-de-linstrumental-3\/","title":{"rendered":"Els pa\u00efsos de l&#8217;Instrumental 3"},"content":{"rendered":"<p style=\"text-align: justify;\">A classe de ci\u00e8ncies socials l&#8217;alumnat d&#8217;Instrumental 3 ha fet recerca dels pa\u00efsos d&#8217;origen de les persones de classe i n&#8217;ha comparat les dades fent \u00fas dels ordinadors. D&#8217;aquesta manera hem ampliat el temari del territori, hem millorat la compet\u00e8ncia digital i hem practicat la comprensi\u00f3 lectora i l&#8217;expressi\u00f3 en catal\u00e0.<\/p>\n<p><a href=\"https:\/\/photos.app.goo.gl\/FBEUahr9gPcgRZ3w6\"><img loading=\"lazy\" decoding=\"async\" class=\"alignnone size-large wp-image-3206\" src=\"https:\/\/agora.xtec.cat\/escolaadultspremia\/wp-content\/uploads\/usu1270\/2024\/12\/Foto-de-Eva-Pujadas-6-1024x768.jpg\" alt=\"\" width=\"1024\" height=\"768\" srcset=\"https:\/\/agora.xtec.cat\/escolaadultspremia\/wp-content\/uploads\/usu1270\/2024\/12\/Foto-de-Eva-Pujadas-6-1024x768.jpg 1024w, https:\/\/agora.xtec.cat\/escolaadultspremia\/wp-content\/uploads\/usu1270\/2024\/12\/Foto-de-Eva-Pujadas-6-300x225.jpg 300w, https:\/\/agora.xtec.cat\/escolaadultspremia\/wp-content\/uploads\/usu1270\/2024\/12\/Foto-de-Eva-Pujadas-6-768x576.jpg 768w, https:\/\/agora.xtec.cat\/escolaadultspremia\/wp-content\/uploads\/usu1270\/2024\/12\/Foto-de-Eva-Pujadas-6-1536x1152.jpg 1536w, https:\/\/agora.xtec.cat\/escolaadultspremia\/wp-content\/uploads\/usu1270\/2024\/12\/Foto-de-Eva-Pujadas-6-200x150.jpg 200w, https:\/\/agora.xtec.cat\/escolaadultspremia\/wp-content\/uploads\/usu1270\/2024\/12\/Foto-de-Eva-Pujadas-6.jpg 2048w\" sizes=\"auto, (max-width: 1024px) 100vw, 1024px\" \/><\/a><\/p>\n<p style=\"text-align: center;\"><strong>Cliqueu sobre la imatge per visualitzar totes les fotos.<\/strong><\/p>\n","protected":false},"excerpt":{"rendered":"<p>A classe de ci\u00e8ncies socials l&#8217;alumnat d&#8217;Instrumental 3 ha fet recerca dels pa\u00efsos d&#8217;origen de les persones de classe i [&hellip;]<\/p>\n","protected":false},"author":13,"featured_media":3206,"comment_status":"closed","ping_status":"closed","sticky":false,"template":"","format":"standard","meta":{"_bbp_topic_count":0,"_bbp_reply_count":0,"_bbp_total_topic_count":0,"_bbp_total_reply_count":0,"_bbp_voice_count":0,"_bbp_anonymous_reply_count":0,"_bbp_topic_count_hidden":0,"_bbp_reply_count_hidden":0,"_bbp_forum_subforum_count":0,"site-sidebar-layout":"default","site-content-layout":"","ast-site-content-layout":"default","site-content-style":"default","site-sidebar-style":"default","ast-global-header-display":"","ast-banner-title-visibility":"","ast-main-header-display":"","ast-hfb-above-header-display":"","ast-hfb-below-header-display":"","ast-hfb-mobile-header-display":"","site-post-title":"","ast-breadcrumbs-content":"","ast-featured-img":"","footer-sml-layout":"","theme-transparent-header-meta":"","adv-header-id-meta":"","stick-header-meta":"","header-above-stick-meta":"","header-main-stick-meta":"","header-below-stick-meta":"","astra-migrate-meta-layouts":"set","ast-page-background-enabled":"default","ast-page-background-meta":{"desktop":{"background-color":"var(--ast-global-color-4)","background-image":"","background-repeat":"repeat","background-position":"center center","background-size":"auto","background-attachment":"scroll","background-type":"","background-media":"","overlay-type":"","overlay-color":"","overlay-opacity":"","overlay-gradient":""},"tablet":{"background-color":"","background-image":"","background-repeat":"repeat","background-position":"center center","background-size":"auto","background-attachment":"scroll","background-type":"","background-media":"","overlay-type":"","overlay-color":"","overlay-opacity":"","overlay-gradient":""},"mobile":{"background-color":"","background-image":"","background-repeat":"repeat","background-position":"center center","background-size":"auto","background-attachment":"scroll","background-type":"","background-media":"","overlay-type":"","overlay-color":"","overlay-opacity":"","overlay-gradient":""}},"ast-content-background-meta":{"desktop":{"background-color":"var(--ast-global-color-5)","background-image":"","background-repeat":"repeat","background-position":"center center","background-size":"auto","background-attachment":"scroll","background-type":"","background-media":"","overlay-type":"","overlay-color":"","overlay-opacity":"","overlay-gradient":""},"tablet":{"background-color":"var(--ast-global-color-5)","background-image":"","background-repeat":"repeat","background-position":"center center","background-size":"auto","background-attachment":"scroll","background-type":"","background-media":"","overlay-type":"","overlay-color":"","overlay-opacity":"","overlay-gradient":""},"mobile":{"background-color":"var(--ast-global-color-5)","background-image":"","background-repeat":"repeat","background-position":"center center","background-size":"auto","background-attachment":"scroll","background-type":"","background-media":"","overlay-type":"","overlay-color":"","overlay-opacity":"","overlay-gradient":""}},"footnotes":""},"categories":[29],"tags":[],"class_list":["post-3205","post","type-post","status-publish","format-standard","has-post-thumbnail","hentry","category-portada"],"post_mailing_queue_ids":[],"_links":{"self":[{"href":"https:\/\/agora.xtec.cat\/escolaadultspremia\/wp-json\/wp\/v2\/posts\/3205","targetHints":{"allow":["GET"]}}],"collection":[{"href":"https:\/\/agora.xtec.cat\/escolaadultspremia\/wp-json\/wp\/v2\/posts"}],"about":[{"href":"https:\/\/agora.xtec.cat\/escolaadultspremia\/wp-json\/wp\/v2\/types\/post"}],"author":[{"embeddable":true,"href":"https:\/\/agora.xtec.cat\/escolaadultspremia\/wp-json\/wp\/v2\/users\/13"}],"replies":[{"embeddable":true,"href":"https:\/\/agora.xtec.cat\/escolaadultspremia\/wp-json\/wp\/v2\/comments?post=3205"}],"version-history":[{"count":2,"href":"https:\/\/agora.xtec.cat\/escolaadultspremia\/wp-json\/wp\/v2\/posts\/3205\/revisions"}],"predecessor-version":[{"id":3300,"href":"https:\/\/agora.xtec.cat\/escolaadultspremia\/wp-json\/wp\/v2\/posts\/3205\/revisions\/3300"}],"wp:featuredmedia":[{"embeddable":true,"href":"https:\/\/agora.xtec.cat\/escolaadultspremia\/wp-json\/wp\/v2\/media\/3206"}],"wp:attachment":[{"href":"https:\/\/agora.xtec.cat\/escolaadultspremia\/wp-json\/wp\/v2\/media?parent=3205"}],"wp:term":[{"taxonomy":"category","embeddable":true,"href":"https:\/\/agora.xtec.cat\/escolaadultspremia\/wp-json\/wp\/v2\/categories?post=3205"},{"taxonomy":"post_tag","embeddable":true,"href":"https:\/\/agora.xtec.cat\/escolaadultspremia\/wp-json\/wp\/v2\/tags?post=3205"}],"curies":[{"name":"wp","href":"https:\/\/api.w.org\/{rel}","templated":true}]}}