{"id":3112,"date":"2024-05-24T12:03:50","date_gmt":"2024-05-24T10:03:50","guid":{"rendered":"https:\/\/agora.xtec.cat\/escolaadultspremia\/?p=3112"},"modified":"2025-01-28T22:20:13","modified_gmt":"2025-01-28T21:20:13","slug":"preinscripcio-curs-2024-2025","status":"publish","type":"post","link":"https:\/\/agora.xtec.cat\/escolaadultspremia\/portada\/preinscripcio-curs-2024-2025\/","title":{"rendered":"Preinscripci\u00f3 curs 2024-2025"},"content":{"rendered":"<p><a href=\"https:\/\/agora.xtec.cat\/escolaadultspremia\/wp-content\/uploads\/usu1270\/2024\/05\/PREINSCRIPCIO-24-25.png\"><img loading=\"lazy\" decoding=\"async\" class=\" wp-image-3111 aligncenter\" src=\"https:\/\/agora.xtec.cat\/escolaadultspremia\/wp-content\/uploads\/usu1270\/2024\/05\/PREINSCRIPCIO-24-25-726x1024.png\" alt=\"\" width=\"431\" height=\"608\" srcset=\"https:\/\/agora.xtec.cat\/escolaadultspremia\/wp-content\/uploads\/usu1270\/2024\/05\/PREINSCRIPCIO-24-25-726x1024.png 726w, https:\/\/agora.xtec.cat\/escolaadultspremia\/wp-content\/uploads\/usu1270\/2024\/05\/PREINSCRIPCIO-24-25-213x300.png 213w, https:\/\/agora.xtec.cat\/escolaadultspremia\/wp-content\/uploads\/usu1270\/2024\/05\/PREINSCRIPCIO-24-25-768x1083.png 768w, https:\/\/agora.xtec.cat\/escolaadultspremia\/wp-content\/uploads\/usu1270\/2024\/05\/PREINSCRIPCIO-24-25.png 911w\" sizes=\"auto, (max-width: 431px) 100vw, 431px\" \/><\/a><\/p>\n<h4 style=\"text-align: center;\"><strong><span style=\"color: #000000;\" data-darkreader-inline-color=\"\">Preguntes freq\u00fcents sobre la preinscripci\u00f3<\/span><br \/>\n<\/strong><\/h4>\n<p><strong>Quan es far\u00e0?<\/strong><\/p>\n<ul>\n<li>El per\u00edode de preinscripci\u00f3 per al curs 2024-2025 ser\u00e0 <span style=\"text-decoration: underline;\">del 20 al 27 de juny<\/span> i es far\u00e0 <span style=\"text-decoration: underline;\">en modalitat presencial<\/span>. <a href=\"https:\/\/drive.google.com\/file\/d\/1nL3TJ0P0QBbb4ZvDLAzwu2ZezL4t9Hxn\/view?usp=drive_link\">Feu clic aqu\u00ed<\/a> per <strong>consultar horaris<\/strong> d&#8217;atenci\u00f3 al p\u00fablic durant el per\u00edode de preinscripci\u00f3.<\/li>\n<li>Recomanem que <strong>vingueu amb temps de sobres<\/strong> ja que es poden crear cues i en certs ensenyaments \u00e9s necessari fer una prova de nivell.<\/li>\n<li>El temps m\u00e0xim de les proves de nivell \u00e9s de 45 min i es tancaran 15 minuts abans de l&#8217;horari de tancament del centre.<\/li>\n<\/ul>\n<p><strong>Cal portar algun document?<\/strong><\/p>\n<ul>\n<li><span style=\"text-decoration: underline;\">Obligatori:<\/span> Per formalitzar la preinscripci\u00f3 <span style=\"text-decoration: underline;\">caldr\u00e0 portar una fotoc\u00f2pia del DNI o del passaport<\/span>.<\/li>\n<li><span style=\"text-decoration: underline;\">Opcional:<\/span> Per <span style=\"text-decoration: underline;\">agilitzar el tr\u00e0mit<\/span> podeu descarregar i imprimir el <a href=\"https:\/\/drive.google.com\/file\/d\/1GZnhFwy-3_nSs2bhSSN-jIr7JT2UFI1e\/view?usp=sharing\">full de preinscripci\u00f3<\/a> i el <a href=\"https:\/\/drive.google.com\/file\/d\/15U6XXWgFFrHUQL7hAeMeO0vaYhOR6nzp\/view?usp=sharing\">full d&#8217;autoritzaci\u00f3 d&#8217;imatges<\/a> a casa. Empleneu-los i porteu-los signats al centre.<\/li>\n<li><span style=\"text-decoration: underline;\">Alumnes GES<\/span>: Si creus que pots convalidar algun \u00e0mbit (<a href=\"https:\/\/agora.xtec.cat\/escolaadultspremia\/el-centre\/ensenyaments\/ges\/\">consulta aqu\u00ed<\/a> les <span style=\"text-decoration: underline;\">equival\u00e8ncies<\/span>), \u00e9s necessari que portis el teu historial acad\u00e8mic.<\/li>\n<\/ul>\n<p><strong>Si aquest curs ja s\u00f3c alumne del centre, he de fer la preinscripci\u00f3?<\/strong><\/p>\n<ul>\n<li><span style=\"text-decoration: underline;\">No has de fer la preinscripci\u00f3<\/span> si l&#8217;any vinent promociones o repeteixes curs de l&#8217;ensenyament al qual est\u00e0s matriculat aquest curs. <em><span style=\"text-decoration: underline;\">Exemple<\/span>: Un alumne que aquest any fa Competic 2 i que l&#8217;any que ve vol cursar Competic 3<\/em>.*\n<ul>\n<li><span style=\"text-decoration: underline;\">*Excepci\u00f3<\/span>: Cal que facis la preinscripci\u00f3 si aquest any has estudiat el curs de preparaci\u00f3 a les proves acc\u00e9s a Grau Superior o Acc\u00e9s Universitat i l&#8217;any que ve vols repetir-lo.<\/li>\n<\/ul>\n<\/li>\n<li><span style=\"text-decoration: underline;\">Has de fer la preinscripci\u00f3<\/span> si el curs vinent vols estudiar en un ensenyament diferent al que fas aquest any. <em><span style=\"text-decoration: underline;\">Exemple<\/span>: Un alumne que aquest any fa Angl\u00e8s i que l&#8217;any que ve vol estudiar Competic<\/em>.<\/li>\n<\/ul>\n<p><strong>Quin preu t\u00e9 el curs?<\/strong><\/p>\n<ul>\n<li>Tots els cursos de l&#8217;escola tenen la <span style=\"text-decoration: underline;\">matr\u00edcula gratu\u00efta<\/span>. L&#8217;alumne nom\u00e9s <span style=\"text-decoration: underline;\">ha de fer un pagament \u00fanic pel material<\/span> (llibres i fotoc\u00f2pies) que utilitzar\u00e0 al llarg del curs. La quota de material difereix d&#8217;un ensenyament a un altre i el seu pagament es realitza durant la matriculaci\u00f3 de setembre, no a la preinscripci\u00f3 de juny.<\/li>\n<\/ul>\n<p><strong>Quin horari tindr\u00e0 el curs?<\/strong><\/p>\n<ul>\n<li>Els horaris dels cursos es faran p\u00fablics la <span style=\"text-decoration: underline;\">primera quinzena de setembre<\/span>. En cas que tingueu limitacions hor\u00e0ries per realitzar el curs, com que la preinscripci\u00f3 \u00e9s gratu\u00efta us recomanem que reserveu una pla\u00e7a mitjan\u00e7ant el proc\u00e9s de preinscripci\u00f3 i posteriorment al setembre podreu decidir si acabeu de formalitzar la matriculaci\u00f3 segons els horaris del curs.<\/li>\n<\/ul>\n<p><strong>A quins cursos puc preinscriure&#8217;m?<\/strong><\/p>\n<ul>\n<li>Pots consultar <span style=\"text-decoration: underline;\">l&#8217;oferta formativa<\/span> fent clic en <a href=\"https:\/\/drive.google.com\/file\/d\/1HZEmUdqaG7ZNHJC19OoEw9TQ-fWMrOtV\/view?usp=sharing\">aquest enlla\u00e7<\/a>.<\/li>\n<\/ul>\n<p><strong>En quin ordre se sortegen les places? S&#8217;enduu la pla\u00e7a vacant qui primer arriba?<\/strong><\/p>\n<ul>\n<li>No, les places <span style=\"text-decoration: underline;\">no se sortegen per ordre d&#8217;arribada<\/span>. Per tant, no hi ha m\u00e9s probabilitat d&#8217;aconseguir una pla\u00e7a pel fet de presentar la sol\u00b7licitud el primer dia del per\u00edode de preinscripci\u00f3 en lloc de l&#8217;\u00faltim.<\/li>\n<li>Els <span style=\"text-decoration: underline;\">criteris per adjudicar les places<\/span> donen prefer\u00e8ncia a:\n<ul>\n<li>Qui viu o treballa al mateix municipi on es troba situat el centre o l&#8217;aula.<\/li>\n<li>Qui viu o treballa en un municipi proper al municipi del centre o aula, on no hi hagi oferta p\u00fablica de formaci\u00f3 d&#8217;adults dels ensenyaments que se sol\u00b7liciten.<\/li>\n<li>Qui ha cursat i superat un programa de formaci\u00f3 i inserci\u00f3.<\/li>\n<\/ul>\n<\/li>\n<li>En cas d&#8217;empat de puntuaci\u00f3, s&#8217;obt\u00e9 un n\u00famero per sorteig a partir del qual s&#8217;ordenen les sol\u00b7licituds.<\/li>\n<\/ul>\n<p><strong>Quan sabr\u00e9 si he aconseguit una pla\u00e7a per al curs vinent?<\/strong><\/p>\n<ul>\n<li>Hi ha un seguit de dates importants que cal seguir per saber si s&#8217;ha obtingut una pla\u00e7a per estudiar el curs vinent a l&#8217;escola:\n<ul>\n<li>4 de juliol: Publicaci\u00f3 de la llista provisional de sol\u00b7licituds ordenades per puntuaci\u00f3. \u00c9s important comprovar-la per assegurar-se que no hi ha hagut errors en la preinscripci\u00f3.<\/li>\n<li>Entre el 4 i el 10 de juliol: Per\u00edode de reclamacions per esmenar errors de la llista provisional.<\/li>\n<li>11 de juliol a partir de les 14h: Publicaci\u00f3 de la llista de sol\u00b7licituds ordenades un cop resoltes les reclamacions.<\/li>\n<li>15 de juliol a partir de les 14h: Publicaci\u00f3 de la llista definitiva d&#8217;alumnat amb pla\u00e7a adjudicada i de persones que queden en llista d&#8217;espera.<\/li>\n<\/ul>\n<\/li>\n<\/ul>\n<p><strong>Quantes places hi ha per cada grup?<\/strong><\/p>\n<ul>\n<li>El n\u00famero de places que s&#8217;ofereixen a la preinscripci\u00f3 s&#8217;obt\u00e9 restant el n\u00famero d&#8217;alumnes actuals que tenen pla\u00e7a reservada al n\u00famero m\u00e0xim d&#8217;alumnes per curs (25, 35 al GES i 17 a proves d&#8217;acc\u00e9s).<\/li>\n<li>Properament es publicar\u00e0 el n\u00famero de places que s&#8217;ofereixen per a cada ensenyament i nivell.<\/li>\n<\/ul>\n<p><strong>S\u00f3c menor d&#8217;edat, puc matricular-me al centre?<\/strong><\/p>\n<ul>\n<li>No, com a norma general. Nom\u00e9s poden matricular-se les persones menors d&#8217;edat que vulguin estudiar GES i que facin els 18 anys aquest any 2024. Aquestes persones caldr\u00e0 que vinguin a fer la matriculaci\u00f3 acompanyades del pare, mare o tutor.<\/li>\n<\/ul>\n<p><strong>Quines compet\u00e8ncies del Competic 3 es faran el curs vinent?<\/strong><\/p>\n<ul>\n<li>Pots <a href=\"https:\/\/agora.xtec.cat\/escolaadultspremia\/el-centre\/ensenyaments\/transprofessionals\/competics\/\">consultar aqu\u00ed<\/a> les compet\u00e8ncies que es faran el curs vinent i el trimestre en qu\u00e8 es poden cursar.<\/li>\n<\/ul>\n<p><strong>Vull fer un curs de Competic, cal que porti l&#8217;ordinador a l&#8217;escola?<\/strong><\/p>\n<ul>\n<li>No, <span style=\"text-decoration: underline;\">no has de portar el teu ordinador a l&#8217;escola<\/span>, les classes de Competic es fan a l&#8217;aula d&#8217;inform\u00e0tica. Tot i aix\u00f2, <span style=\"text-decoration: underline;\">cal disposar d&#8217;un ordinador<\/span> per poder fer les tasques del curs des de casa.<\/li>\n<\/ul>\n<p><strong>En quina llengua s&#8217;imparteixen els cursos?<\/strong><\/p>\n<ul>\n<li>Tots els cursos de l&#8217;escola <span style=\"text-decoration: underline;\">s&#8217;imparteixen en catal\u00e0<\/span>, a excepci\u00f3 dels ensenyaments de llengua (angl\u00e8s, catal\u00e0 i castell\u00e0) o les assignatures de llengua i literatura d&#8217;altres ensenyaments (GES, proves d&#8217;acc\u00e9s i instrumental).<\/li>\n<\/ul>\n","protected":false},"excerpt":{"rendered":"<p>Preguntes freq\u00fcents sobre la preinscripci\u00f3 Quan es far\u00e0? El per\u00edode de preinscripci\u00f3 per al curs 2024-2025 ser\u00e0 del 20 al [&hellip;]<\/p>\n","protected":false},"author":13,"featured_media":3111,"comment_status":"closed","ping_status":"closed","sticky":false,"template":"","format":"standard","meta":{"_bbp_topic_count":0,"_bbp_reply_count":0,"_bbp_total_topic_count":0,"_bbp_total_reply_count":0,"_bbp_voice_count":0,"_bbp_anonymous_reply_count":0,"_bbp_topic_count_hidden":0,"_bbp_reply_count_hidden":0,"_bbp_forum_subforum_count":0,"site-sidebar-layout":"default","site-content-layout":"","ast-site-content-layout":"default","site-content-style":"default","site-sidebar-style":"default","ast-global-header-display":"","ast-banner-title-visibility":"","ast-main-header-display":"","ast-hfb-above-header-display":"","ast-hfb-below-header-display":"","ast-hfb-mobile-header-display":"","site-post-title":"","ast-breadcrumbs-content":"","ast-featured-img":"","footer-sml-layout":"","theme-transparent-header-meta":"","adv-header-id-meta":"","stick-header-meta":"","header-above-stick-meta":"","header-main-stick-meta":"","header-below-stick-meta":"","astra-migrate-meta-layouts":"set","ast-page-background-enabled":"default","ast-page-background-meta":{"desktop":{"background-color":"var(--ast-global-color-4)","background-image":"","background-repeat":"repeat","background-position":"center center","background-size":"auto","background-attachment":"scroll","background-type":"","background-media":"","overlay-type":"","overlay-color":"","overlay-opacity":"","overlay-gradient":""},"tablet":{"background-color":"","background-image":"","background-repeat":"repeat","background-position":"center center","background-size":"auto","background-attachment":"scroll","background-type":"","background-media":"","overlay-type":"","overlay-color":"","overlay-opacity":"","overlay-gradient":""},"mobile":{"background-color":"","background-image":"","background-repeat":"repeat","background-position":"center center","background-size":"auto","background-attachment":"scroll","background-type":"","background-media":"","overlay-type":"","overlay-color":"","overlay-opacity":"","overlay-gradient":""}},"ast-content-background-meta":{"desktop":{"background-color":"var(--ast-global-color-5)","background-image":"","background-repeat":"repeat","background-position":"center center","background-size":"auto","background-attachment":"scroll","background-type":"","background-media":"","overlay-type":"","overlay-color":"","overlay-opacity":"","overlay-gradient":""},"tablet":{"background-color":"var(--ast-global-color-5)","background-image":"","background-repeat":"repeat","background-position":"center center","background-size":"auto","background-attachment":"scroll","background-type":"","background-media":"","overlay-type":"","overlay-color":"","overlay-opacity":"","overlay-gradient":""},"mobile":{"background-color":"var(--ast-global-color-5)","background-image":"","background-repeat":"repeat","background-position":"center center","background-size":"auto","background-attachment":"scroll","background-type":"","background-media":"","overlay-type":"","overlay-color":"","overlay-opacity":"","overlay-gradient":""}},"footnotes":""},"categories":[29],"tags":[],"class_list":["post-3112","post","type-post","status-publish","format-standard","has-post-thumbnail","hentry","category-portada"],"post_mailing_queue_ids":[],"_links":{"self":[{"href":"https:\/\/agora.xtec.cat\/escolaadultspremia\/wp-json\/wp\/v2\/posts\/3112","targetHints":{"allow":["GET"]}}],"collection":[{"href":"https:\/\/agora.xtec.cat\/escolaadultspremia\/wp-json\/wp\/v2\/posts"}],"about":[{"href":"https:\/\/agora.xtec.cat\/escolaadultspremia\/wp-json\/wp\/v2\/types\/post"}],"author":[{"embeddable":true,"href":"https:\/\/agora.xtec.cat\/escolaadultspremia\/wp-json\/wp\/v2\/users\/13"}],"replies":[{"embeddable":true,"href":"https:\/\/agora.xtec.cat\/escolaadultspremia\/wp-json\/wp\/v2\/comments?post=3112"}],"version-history":[{"count":7,"href":"https:\/\/agora.xtec.cat\/escolaadultspremia\/wp-json\/wp\/v2\/posts\/3112\/revisions"}],"predecessor-version":[{"id":3846,"href":"https:\/\/agora.xtec.cat\/escolaadultspremia\/wp-json\/wp\/v2\/posts\/3112\/revisions\/3846"}],"wp:featuredmedia":[{"embeddable":true,"href":"https:\/\/agora.xtec.cat\/escolaadultspremia\/wp-json\/wp\/v2\/media\/3111"}],"wp:attachment":[{"href":"https:\/\/agora.xtec.cat\/escolaadultspremia\/wp-json\/wp\/v2\/media?parent=3112"}],"wp:term":[{"taxonomy":"category","embeddable":true,"href":"https:\/\/agora.xtec.cat\/escolaadultspremia\/wp-json\/wp\/v2\/categories?post=3112"},{"taxonomy":"post_tag","embeddable":true,"href":"https:\/\/agora.xtec.cat\/escolaadultspremia\/wp-json\/wp\/v2\/tags?post=3112"}],"curies":[{"name":"wp","href":"https:\/\/api.w.org\/{rel}","templated":true}]}}