{"id":2930,"date":"2023-06-30T11:26:59","date_gmt":"2023-06-30T09:26:59","guid":{"rendered":"https:\/\/agora.xtec.cat\/escolaadultspremia\/?p=2930"},"modified":"2023-06-30T12:09:38","modified_gmt":"2023-06-30T10:09:38","slug":"sortida-a-lexposicio-temporal-de-pixar-13-06-2023","status":"publish","type":"post","link":"https:\/\/agora.xtec.cat\/escolaadultspremia\/portada\/sortida-a-lexposicio-temporal-de-pixar-13-06-2023\/","title":{"rendered":"Sortida a l&#8217;exposici\u00f3 temporal de Pixar"},"content":{"rendered":"<p style=\"text-align: justify;\">El passat dimarts 13 de juny l&#8217;escola va organitzar una visita a l&#8217;exposici\u00f3 temporal de la ci\u00e8ncia de Pixar, al museu de la ci\u00e8ncia Cosmocaixa. All\u00e0 un guia ens va explicar tot el proc\u00e9s de creaci\u00f3 d&#8217;una pel\u00b7l\u00edcula d&#8217;animaci\u00f3, que requereix que diferents equips de disciplines tant art\u00edstiques com t\u00e8cniques molt diverses treballin en conjunt per crear els personatges, fer-los moure, generar un m\u00f3n virtual i crear una hist\u00f2ria.<\/p>\n<p><a href=\"https:\/\/photos.app.goo.gl\/ag956f9uKrmujLmL9\"><img loading=\"lazy\" decoding=\"async\" class=\"alignnone size-large wp-image-2942\" src=\"https:\/\/agora.xtec.cat\/escolaadultspremia\/wp-content\/uploads\/usu1270\/2023\/06\/20230613_171832-768x1024.jpg\" alt=\"\" width=\"768\" height=\"1024\" srcset=\"https:\/\/agora.xtec.cat\/escolaadultspremia\/wp-content\/uploads\/usu1270\/2023\/06\/20230613_171832-768x1024.jpg 768w, https:\/\/agora.xtec.cat\/escolaadultspremia\/wp-content\/uploads\/usu1270\/2023\/06\/20230613_171832-225x300.jpg 225w, https:\/\/agora.xtec.cat\/escolaadultspremia\/wp-content\/uploads\/usu1270\/2023\/06\/20230613_171832-1152x1536.jpg 1152w, https:\/\/agora.xtec.cat\/escolaadultspremia\/wp-content\/uploads\/usu1270\/2023\/06\/20230613_171832-1536x2048.jpg 1536w, https:\/\/agora.xtec.cat\/escolaadultspremia\/wp-content\/uploads\/usu1270\/2023\/06\/20230613_171832-scaled.jpg 1920w\" sizes=\"auto, (max-width: 768px) 100vw, 768px\" \/><\/a><\/p>\n<p><strong>Cliqueu sobre la imatge per veure les fotos.<\/strong><\/p>\n","protected":false},"excerpt":{"rendered":"<p>El passat dimarts 13 de juny l&#8217;escola va organitzar una visita a l&#8217;exposici\u00f3 temporal de la ci\u00e8ncia de Pixar, al [&hellip;]<\/p>\n","protected":false},"author":13,"featured_media":0,"comment_status":"open","ping_status":"closed","sticky":false,"template":"","format":"standard","meta":{"_bbp_topic_count":0,"_bbp_reply_count":0,"_bbp_total_topic_count":0,"_bbp_total_reply_count":0,"_bbp_voice_count":0,"_bbp_anonymous_reply_count":0,"_bbp_topic_count_hidden":0,"_bbp_reply_count_hidden":0,"_bbp_forum_subforum_count":0,"site-sidebar-layout":"default","site-content-layout":"","ast-site-content-layout":"","site-content-style":"default","site-sidebar-style":"default","ast-global-header-display":"","ast-banner-title-visibility":"","ast-main-header-display":"","ast-hfb-above-header-display":"","ast-hfb-below-header-display":"","ast-hfb-mobile-header-display":"","site-post-title":"","ast-breadcrumbs-content":"","ast-featured-img":"","footer-sml-layout":"","theme-transparent-header-meta":"","adv-header-id-meta":"","stick-header-meta":"","header-above-stick-meta":"","header-main-stick-meta":"","header-below-stick-meta":"","astra-migrate-meta-layouts":"default","ast-page-background-enabled":"default","ast-page-background-meta":{"desktop":{"background-color":"var(--ast-global-color-4)","background-image":"","background-repeat":"repeat","background-position":"center center","background-size":"auto","background-attachment":"scroll","background-type":"","background-media":"","overlay-type":"","overlay-color":"","overlay-opacity":"","overlay-gradient":""},"tablet":{"background-color":"","background-image":"","background-repeat":"repeat","background-position":"center center","background-size":"auto","background-attachment":"scroll","background-type":"","background-media":"","overlay-type":"","overlay-color":"","overlay-opacity":"","overlay-gradient":""},"mobile":{"background-color":"","background-image":"","background-repeat":"repeat","background-position":"center center","background-size":"auto","background-attachment":"scroll","background-type":"","background-media":"","overlay-type":"","overlay-color":"","overlay-opacity":"","overlay-gradient":""}},"ast-content-background-meta":{"desktop":{"background-color":"var(--ast-global-color-5)","background-image":"","background-repeat":"repeat","background-position":"center center","background-size":"auto","background-attachment":"scroll","background-type":"","background-media":"","overlay-type":"","overlay-color":"","overlay-opacity":"","overlay-gradient":""},"tablet":{"background-color":"var(--ast-global-color-5)","background-image":"","background-repeat":"repeat","background-position":"center center","background-size":"auto","background-attachment":"scroll","background-type":"","background-media":"","overlay-type":"","overlay-color":"","overlay-opacity":"","overlay-gradient":""},"mobile":{"background-color":"var(--ast-global-color-5)","background-image":"","background-repeat":"repeat","background-position":"center center","background-size":"auto","background-attachment":"scroll","background-type":"","background-media":"","overlay-type":"","overlay-color":"","overlay-opacity":"","overlay-gradient":""}},"footnotes":""},"categories":[29],"tags":[],"class_list":["post-2930","post","type-post","status-publish","format-standard","hentry","category-portada"],"post_mailing_queue_ids":[],"_links":{"self":[{"href":"https:\/\/agora.xtec.cat\/escolaadultspremia\/wp-json\/wp\/v2\/posts\/2930","targetHints":{"allow":["GET"]}}],"collection":[{"href":"https:\/\/agora.xtec.cat\/escolaadultspremia\/wp-json\/wp\/v2\/posts"}],"about":[{"href":"https:\/\/agora.xtec.cat\/escolaadultspremia\/wp-json\/wp\/v2\/types\/post"}],"author":[{"embeddable":true,"href":"https:\/\/agora.xtec.cat\/escolaadultspremia\/wp-json\/wp\/v2\/users\/13"}],"replies":[{"embeddable":true,"href":"https:\/\/agora.xtec.cat\/escolaadultspremia\/wp-json\/wp\/v2\/comments?post=2930"}],"version-history":[{"count":3,"href":"https:\/\/agora.xtec.cat\/escolaadultspremia\/wp-json\/wp\/v2\/posts\/2930\/revisions"}],"predecessor-version":[{"id":2945,"href":"https:\/\/agora.xtec.cat\/escolaadultspremia\/wp-json\/wp\/v2\/posts\/2930\/revisions\/2945"}],"wp:attachment":[{"href":"https:\/\/agora.xtec.cat\/escolaadultspremia\/wp-json\/wp\/v2\/media?parent=2930"}],"wp:term":[{"taxonomy":"category","embeddable":true,"href":"https:\/\/agora.xtec.cat\/escolaadultspremia\/wp-json\/wp\/v2\/categories?post=2930"},{"taxonomy":"post_tag","embeddable":true,"href":"https:\/\/agora.xtec.cat\/escolaadultspremia\/wp-json\/wp\/v2\/tags?post=2930"}],"curies":[{"name":"wp","href":"https:\/\/api.w.org\/{rel}","templated":true}]}}