{"id":2007,"date":"2021-02-12T09:32:35","date_gmt":"2021-02-12T08:32:35","guid":{"rendered":"http:\/\/agora.xtec.cat\/escolaadultspremia\/?p=2007"},"modified":"2021-03-15T20:28:10","modified_gmt":"2021-03-15T19:28:10","slug":"calendari-de-les-proves-dacces-a-grau-superior","status":"publish","type":"post","link":"https:\/\/agora.xtec.cat\/escolaadultspremia\/portada\/calendari-de-les-proves-dacces-a-grau-superior\/","title":{"rendered":"Calendari de les proves d&#8217;acc\u00e9s a grau superior"},"content":{"rendered":"<p style=\"text-align: justify;\"><strong>Inscripci\u00f3<\/strong>: del 15 (a partir de les 9 h) al 25 de mar\u00e7 de 2021. <a href=\"http:\/\/educacio.gencat.cat\/ca\/tramits\/tramits-temes\/prova-FP-GS-6949?category=7445de6a-a82c-11e3-a972-000c29052e2c&amp;temesNom=Educaci\u00f3+i+formaci\u00f3&amp;moda=1\">ENLLA\u00c7 D&#8217;INSCRIPCI\u00d3<\/a><\/p>\n<p style=\"text-align: justify;\"><strong>Pagament de la taxa<\/strong>: fins al\u00a026 de\u00a0mar\u00e7 de\u00a02021 (abans de les 22 h)<\/p>\n<p style=\"text-align: justify;\"><strong>Presentaci\u00f3 de la documentaci\u00f3 al centre<\/strong>:\u00a0del 15 al 28 d&#8217;abril de 2021 (en horari d&#8217;atenci\u00f3 al p\u00fablic)<\/p>\n<p style=\"text-align: justify;\"><strong>Llista definitiva d&#8217;admesos i exclosos<\/strong>: a partir del 5 de maig de\u00a02021<\/p>\n<p style=\"text-align: justify;\"><strong>PROVA<\/strong><\/p>\n<p style=\"text-align: justify;\"><strong>Part comuna<\/strong>: 12 de\u00a0maig de\u00a02021<\/p>\n<p style=\"padding-left: 40px; text-align: justify;\">15.30 h Verificaci\u00f3 de la identitat dels aspirants<br \/>\n16 h Primer bloc: Llengua Catalana i Llengua Castellana<br \/>\n18 h Descans<br \/>\n18.30 Segon bloc: Llengua Estrangera (Angl\u00e8s, Franc\u00e8s o Alemany) i Matem\u00e0tiques<\/p>\n<p style=\"text-align: justify;\"><strong>Part espec\u00edfica<\/strong>: 13 de\u00a0maig de\u00a02021<\/p>\n<p style=\"padding-left: 40px; text-align: justify;\">15.30 h Verificaci\u00f3 de la identitat dels aspirants<br \/>\n16 h Mat\u00e8ries espec\u00edfiques triades<\/p>\n<p><a href=\"http:\/\/educacio.gencat.cat\/ca\/serveis-tramits\/proves\/proves-acces\/gs-fp\/calendari\/\">Clica aqu\u00ed per a m\u00e9s informaci\u00f3<\/a><\/p>\n","protected":false},"excerpt":{"rendered":"<p>Inscripci\u00f3: del 15 (a partir de les 9 h) al 25 de mar\u00e7 de 2021. ENLLA\u00c7 D&#8217;INSCRIPCI\u00d3 Pagament de la [&hellip;]<\/p>\n","protected":false},"author":1,"featured_media":0,"comment_status":"open","ping_status":"closed","sticky":false,"template":"","format":"standard","meta":{"_bbp_topic_count":0,"_bbp_reply_count":0,"_bbp_total_topic_count":0,"_bbp_total_reply_count":0,"_bbp_voice_count":0,"_bbp_anonymous_reply_count":0,"_bbp_topic_count_hidden":0,"_bbp_reply_count_hidden":0,"_bbp_forum_subforum_count":0,"site-sidebar-layout":"default","site-content-layout":"","ast-site-content-layout":"","site-content-style":"default","site-sidebar-style":"default","ast-global-header-display":"","ast-banner-title-visibility":"","ast-main-header-display":"","ast-hfb-above-header-display":"","ast-hfb-below-header-display":"","ast-hfb-mobile-header-display":"","site-post-title":"","ast-breadcrumbs-content":"","ast-featured-img":"","footer-sml-layout":"","theme-transparent-header-meta":"","adv-header-id-meta":"","stick-header-meta":"","header-above-stick-meta":"","header-main-stick-meta":"","header-below-stick-meta":"","astra-migrate-meta-layouts":"default","ast-page-background-enabled":"default","ast-page-background-meta":{"desktop":{"background-color":"var(--ast-global-color-4)","background-image":"","background-repeat":"repeat","background-position":"center center","background-size":"auto","background-attachment":"scroll","background-type":"","background-media":"","overlay-type":"","overlay-color":"","overlay-opacity":"","overlay-gradient":""},"tablet":{"background-color":"","background-image":"","background-repeat":"repeat","background-position":"center center","background-size":"auto","background-attachment":"scroll","background-type":"","background-media":"","overlay-type":"","overlay-color":"","overlay-opacity":"","overlay-gradient":""},"mobile":{"background-color":"","background-image":"","background-repeat":"repeat","background-position":"center center","background-size":"auto","background-attachment":"scroll","background-type":"","background-media":"","overlay-type":"","overlay-color":"","overlay-opacity":"","overlay-gradient":""}},"ast-content-background-meta":{"desktop":{"background-color":"var(--ast-global-color-5)","background-image":"","background-repeat":"repeat","background-position":"center center","background-size":"auto","background-attachment":"scroll","background-type":"","background-media":"","overlay-type":"","overlay-color":"","overlay-opacity":"","overlay-gradient":""},"tablet":{"background-color":"var(--ast-global-color-5)","background-image":"","background-repeat":"repeat","background-position":"center center","background-size":"auto","background-attachment":"scroll","background-type":"","background-media":"","overlay-type":"","overlay-color":"","overlay-opacity":"","overlay-gradient":""},"mobile":{"background-color":"var(--ast-global-color-5)","background-image":"","background-repeat":"repeat","background-position":"center center","background-size":"auto","background-attachment":"scroll","background-type":"","background-media":"","overlay-type":"","overlay-color":"","overlay-opacity":"","overlay-gradient":""}},"footnotes":""},"categories":[29],"tags":[],"class_list":["post-2007","post","type-post","status-publish","format-standard","hentry","category-portada"],"post_mailing_queue_ids":[],"_links":{"self":[{"href":"https:\/\/agora.xtec.cat\/escolaadultspremia\/wp-json\/wp\/v2\/posts\/2007","targetHints":{"allow":["GET"]}}],"collection":[{"href":"https:\/\/agora.xtec.cat\/escolaadultspremia\/wp-json\/wp\/v2\/posts"}],"about":[{"href":"https:\/\/agora.xtec.cat\/escolaadultspremia\/wp-json\/wp\/v2\/types\/post"}],"author":[{"embeddable":true,"href":"https:\/\/agora.xtec.cat\/escolaadultspremia\/wp-json\/wp\/v2\/users\/1"}],"replies":[{"embeddable":true,"href":"https:\/\/agora.xtec.cat\/escolaadultspremia\/wp-json\/wp\/v2\/comments?post=2007"}],"version-history":[{"count":3,"href":"https:\/\/agora.xtec.cat\/escolaadultspremia\/wp-json\/wp\/v2\/posts\/2007\/revisions"}],"predecessor-version":[{"id":2287,"href":"https:\/\/agora.xtec.cat\/escolaadultspremia\/wp-json\/wp\/v2\/posts\/2007\/revisions\/2287"}],"wp:attachment":[{"href":"https:\/\/agora.xtec.cat\/escolaadultspremia\/wp-json\/wp\/v2\/media?parent=2007"}],"wp:term":[{"taxonomy":"category","embeddable":true,"href":"https:\/\/agora.xtec.cat\/escolaadultspremia\/wp-json\/wp\/v2\/categories?post=2007"},{"taxonomy":"post_tag","embeddable":true,"href":"https:\/\/agora.xtec.cat\/escolaadultspremia\/wp-json\/wp\/v2\/tags?post=2007"}],"curies":[{"name":"wp","href":"https:\/\/api.w.org\/{rel}","templated":true}]}}