{"id":3114,"date":"2020-09-30T17:00:20","date_gmt":"2020-09-30T15:00:20","guid":{"rendered":"https:\/\/agora.xtec.cat\/escola-verdaguer-cornella\/?p=3114"},"modified":"2020-09-30T17:00:20","modified_gmt":"2020-09-30T15:00:20","slug":"feines-30-de-setembre-de-2020","status":"publish","type":"post","link":"https:\/\/agora.xtec.cat\/escola-verdaguer-cornella\/primaria\/1r\/feines-30-de-setembre-de-2020\/","title":{"rendered":"Feines 30 de setembre de 2020"},"content":{"rendered":"<p>Avui hem comen\u00e7at el dia amb Coneixement del Medi. Hem escoltat,apr\u00e8s i cantant la can\u00e7\u00f3 El Cos. Despr\u00e9s entre tots\/es hem completat la lletra de la can\u00e7\u00f3.<\/p>\n<p><a href=\"https:\/\/agora.xtec.cat\/escola-verdaguer-cornella\/wp-content\/uploads\/usu1952\/2020\/09\/CAN\u00c7\u00d3-EL-COS.docx\">Fitxa: CAN\u00c7\u00d3 EL COS<\/a><\/p>\n<p>A matem\u00e0tiques hem estat comptant m\u00e9s desenes!I hem recordat el concepte de suma. N&#8217;hem fet moltes a la pissarra i finalment hem realitzat la seg\u00fcent fitxa:<\/p>\n<p><a href=\"https:\/\/agora.xtec.cat\/escola-verdaguer-cornella\/wp-content\/uploads\/usu1952\/2020\/09\/IMG_20200930_132448.jpg\"><img loading=\"lazy\" decoding=\"async\" class=\"alignnone size-medium wp-image-3116\" src=\"https:\/\/agora.xtec.cat\/escola-verdaguer-cornella\/wp-content\/uploads\/usu1952\/2020\/09\/IMG_20200930_132448-225x300.jpg\" alt=\"\" width=\"225\" height=\"300\" srcset=\"https:\/\/agora.xtec.cat\/escola-verdaguer-cornella\/wp-content\/uploads\/usu1952\/2020\/09\/IMG_20200930_132448-225x300.jpg 225w, https:\/\/agora.xtec.cat\/escola-verdaguer-cornella\/wp-content\/uploads\/usu1952\/2020\/09\/IMG_20200930_132448-768x1024.jpg 768w\" sizes=\"auto, (max-width: 225px) 100vw, 225px\" \/><\/a><\/p>\n<p>A llengua hem treballat la lletra p, realitzant tamb\u00e9 la seg\u00fcent fitxa:<\/p>\n<p><a href=\"https:\/\/agora.xtec.cat\/escola-verdaguer-cornella\/wp-content\/uploads\/usu1952\/2020\/09\/la-lletra-p.docx\">Fitxa: la lletra p<\/a><\/p>\n<p>Hem continuat llegint i repassant del quadernet de lectura les p\u00e0gines 1,2,3 i 4.<\/p>\n<p>A pl\u00e0stica hem continuat treballant l&#8217;autor Joan Mir\u00f3; a partir de l&#8217;activitat de la setmana passada, han creat els seus propis quadres utilitzant les formes, l\u00ednies i colors m\u00e9s caracter\u00edstics d&#8217;aquest autor.<\/p>\n<p><a href=\"https:\/\/agora.xtec.cat\/escola-verdaguer-cornella\/wp-content\/uploads\/usu1952\/2020\/09\/IMG_20200923_152324.jpg\"><img loading=\"lazy\" decoding=\"async\" class=\"alignnone size-medium wp-image-3035\" src=\"https:\/\/agora.xtec.cat\/escola-verdaguer-cornella\/wp-content\/uploads\/usu1952\/2020\/09\/IMG_20200923_152324-300x225.jpg\" alt=\"\" width=\"300\" height=\"225\" srcset=\"https:\/\/agora.xtec.cat\/escola-verdaguer-cornella\/wp-content\/uploads\/usu1952\/2020\/09\/IMG_20200923_152324-300x225.jpg 300w, https:\/\/agora.xtec.cat\/escola-verdaguer-cornella\/wp-content\/uploads\/usu1952\/2020\/09\/IMG_20200923_152324-768x576.jpg 768w, https:\/\/agora.xtec.cat\/escola-verdaguer-cornella\/wp-content\/uploads\/usu1952\/2020\/09\/IMG_20200923_152324-1024x768.jpg 1024w, https:\/\/agora.xtec.cat\/escola-verdaguer-cornella\/wp-content\/uploads\/usu1952\/2020\/09\/IMG_20200923_152324-200x150.jpg 200w\" sizes=\"auto, (max-width: 300px) 100vw, 300px\" \/> <\/a><\/p>\n<p>&nbsp;<\/p>\n","protected":false},"excerpt":{"rendered":"<p>Avui hem comen\u00e7at el dia amb Coneixement del Medi. Hem escoltat,apr\u00e8s i cantant la can\u00e7\u00f3 El Cos. Despr\u00e9s entre tots\/es hem completat la lletra de la can\u00e7\u00f3. Fitxa: CAN\u00c7\u00d3 EL COS A matem\u00e0tiques hem estat comptant m\u00e9s desenes!I hem recordat el concepte de suma. N&#8217;hem fet moltes a la pissarra i finalment hem realitzat la [&hellip;]<\/p>\n","protected":false},"author":1,"featured_media":0,"comment_status":"open","ping_status":"closed","sticky":false,"template":"","format":"standard","meta":{"_bbp_topic_count":0,"_bbp_reply_count":0,"_bbp_total_topic_count":0,"_bbp_total_reply_count":0,"_bbp_voice_count":0,"_bbp_anonymous_reply_count":0,"_bbp_topic_count_hidden":0,"_bbp_reply_count_hidden":0,"_bbp_forum_subforum_count":0,"site-sidebar-layout":"default","site-content-layout":"","ast-site-content-layout":"","site-content-style":"default","site-sidebar-style":"default","ast-global-header-display":"","ast-banner-title-visibility":"","ast-main-header-display":"","ast-hfb-above-header-display":"","ast-hfb-below-header-display":"","ast-hfb-mobile-header-display":"","site-post-title":"","ast-breadcrumbs-content":"","ast-featured-img":"","footer-sml-layout":"","theme-transparent-header-meta":"","adv-header-id-meta":"","stick-header-meta":"","header-above-stick-meta":"","header-main-stick-meta":"","header-below-stick-meta":"","astra-migrate-meta-layouts":"default","ast-page-background-enabled":"default","ast-page-background-meta":{"desktop":{"background-color":"var(--ast-global-color-4)","background-image":"","background-repeat":"repeat","background-position":"center center","background-size":"auto","background-attachment":"scroll","background-type":"","background-media":"","overlay-type":"","overlay-color":"","overlay-opacity":"","overlay-gradient":""},"tablet":{"background-color":"","background-image":"","background-repeat":"repeat","background-position":"center center","background-size":"auto","background-attachment":"scroll","background-type":"","background-media":"","overlay-type":"","overlay-color":"","overlay-opacity":"","overlay-gradient":""},"mobile":{"background-color":"","background-image":"","background-repeat":"repeat","background-position":"center center","background-size":"auto","background-attachment":"scroll","background-type":"","background-media":"","overlay-type":"","overlay-color":"","overlay-opacity":"","overlay-gradient":""}},"ast-content-background-meta":{"desktop":{"background-color":"var(--ast-global-color-5)","background-image":"","background-repeat":"repeat","background-position":"center center","background-size":"auto","background-attachment":"scroll","background-type":"","background-media":"","overlay-type":"","overlay-color":"","overlay-opacity":"","overlay-gradient":""},"tablet":{"background-color":"var(--ast-global-color-5)","background-image":"","background-repeat":"repeat","background-position":"center center","background-size":"auto","background-attachment":"scroll","background-type":"","background-media":"","overlay-type":"","overlay-color":"","overlay-opacity":"","overlay-gradient":""},"mobile":{"background-color":"var(--ast-global-color-5)","background-image":"","background-repeat":"repeat","background-position":"center center","background-size":"auto","background-attachment":"scroll","background-type":"","background-media":"","overlay-type":"","overlay-color":"","overlay-opacity":"","overlay-gradient":""}},"footnotes":""},"categories":[10],"tags":[80],"class_list":["post-3114","post","type-post","status-publish","format-standard","hentry","category-1r","tag-1r"],"post_mailing_queue_ids":[],"_links":{"self":[{"href":"https:\/\/agora.xtec.cat\/escola-verdaguer-cornella\/wp-json\/wp\/v2\/posts\/3114","targetHints":{"allow":["GET"]}}],"collection":[{"href":"https:\/\/agora.xtec.cat\/escola-verdaguer-cornella\/wp-json\/wp\/v2\/posts"}],"about":[{"href":"https:\/\/agora.xtec.cat\/escola-verdaguer-cornella\/wp-json\/wp\/v2\/types\/post"}],"author":[{"embeddable":true,"href":"https:\/\/agora.xtec.cat\/escola-verdaguer-cornella\/wp-json\/wp\/v2\/users\/1"}],"replies":[{"embeddable":true,"href":"https:\/\/agora.xtec.cat\/escola-verdaguer-cornella\/wp-json\/wp\/v2\/comments?post=3114"}],"version-history":[{"count":1,"href":"https:\/\/agora.xtec.cat\/escola-verdaguer-cornella\/wp-json\/wp\/v2\/posts\/3114\/revisions"}],"predecessor-version":[{"id":3121,"href":"https:\/\/agora.xtec.cat\/escola-verdaguer-cornella\/wp-json\/wp\/v2\/posts\/3114\/revisions\/3121"}],"wp:attachment":[{"href":"https:\/\/agora.xtec.cat\/escola-verdaguer-cornella\/wp-json\/wp\/v2\/media?parent=3114"}],"wp:term":[{"taxonomy":"category","embeddable":true,"href":"https:\/\/agora.xtec.cat\/escola-verdaguer-cornella\/wp-json\/wp\/v2\/categories?post=3114"},{"taxonomy":"post_tag","embeddable":true,"href":"https:\/\/agora.xtec.cat\/escola-verdaguer-cornella\/wp-json\/wp\/v2\/tags?post=3114"}],"curies":[{"name":"wp","href":"https:\/\/api.w.org\/{rel}","templated":true}]}}