{"id":920,"date":"2020-03-13T11:30:23","date_gmt":"2020-03-13T10:30:23","guid":{"rendered":"https:\/\/agora.xtec.cat\/escola-torreforta\/?p=920"},"modified":"2020-03-13T11:30:23","modified_gmt":"2020-03-13T10:30:23","slug":"instruccio-del-departament-deducacio","status":"publish","type":"post","link":"https:\/\/agora.xtec.cat\/escola-torreforta\/portada\/instruccio-del-departament-deducacio\/","title":{"rendered":"Instrucci\u00f3 del Departament d&#8217;Educaci\u00f3"},"content":{"rendered":"<h5><strong>Instrucci\u00f3 amb les mesures organitzatives i preventives per als centres i serveis del Servei d&#8217;Educaci\u00f3 de Catalunya<\/strong><\/h5>\n<p>A continuaci\u00f3, us deixem el document que ha penjat el Departament al Portal de Centre.<\/p>\n<p><a href=\"http:\/\/educacio.gencat.cat\/documents\/IPCNormativa\/DisposicionsInternes\/lnstruccio1-2020COVID19.pdf\">http:\/\/educacio.gencat.cat\/documents\/IPCNormativa\/DisposicionsInternes\/lnstruccio1-2020COVID19.pdf<\/a><\/p>\n","protected":false},"excerpt":{"rendered":"<p>Instrucci\u00f3 amb les mesures organitzatives i preventives per als centres i serveis del Servei d&#8217;Educaci\u00f3 de Catalunya<br \/>\nA continuaci\u00f3, us deixem el document que ha penjat el Departament al Portal de Centre.<br \/>\n<a href=\"http:\/\/educacio.gencat.cat\/documents\/IPCNormativa\/DisposicionsInternes\/lnstruccio1-2020COVID19.pdf\">http:\/\/educacio.gencat.cat\/documents\/IPCNormativa\/DisposicionsInternes\/lnstruccio1-2020COVID19.pdf<\/a><\/p>\n","protected":false},"author":5,"featured_media":0,"comment_status":"open","ping_status":"closed","sticky":false,"template":"","format":"standard","meta":{"_bbp_topic_count":0,"_bbp_reply_count":0,"_bbp_total_topic_count":0,"_bbp_total_reply_count":0,"_bbp_voice_count":0,"_bbp_anonymous_reply_count":0,"_bbp_topic_count_hidden":0,"_bbp_reply_count_hidden":0,"_bbp_forum_subforum_count":0,"footnotes":""},"categories":[4],"tags":[80,79,73,99,78,76,55,102],"class_list":["post-920","post","type-post","status-publish","format-standard","hentry","category-portada","tag-cicle-inicial","tag-cicle-mitja","tag-cicle-superior","tag-coronavirus","tag-educacio-infantil","tag-informacio","tag-instruccions","tag-portal-de-centre"],"post_mailing_queue_ids":[],"_links":{"self":[{"href":"https:\/\/agora.xtec.cat\/escola-torreforta\/wp-json\/wp\/v2\/posts\/920","targetHints":{"allow":["GET"]}}],"collection":[{"href":"https:\/\/agora.xtec.cat\/escola-torreforta\/wp-json\/wp\/v2\/posts"}],"about":[{"href":"https:\/\/agora.xtec.cat\/escola-torreforta\/wp-json\/wp\/v2\/types\/post"}],"author":[{"embeddable":true,"href":"https:\/\/agora.xtec.cat\/escola-torreforta\/wp-json\/wp\/v2\/users\/5"}],"replies":[{"embeddable":true,"href":"https:\/\/agora.xtec.cat\/escola-torreforta\/wp-json\/wp\/v2\/comments?post=920"}],"version-history":[{"count":3,"href":"https:\/\/agora.xtec.cat\/escola-torreforta\/wp-json\/wp\/v2\/posts\/920\/revisions"}],"predecessor-version":[{"id":926,"href":"https:\/\/agora.xtec.cat\/escola-torreforta\/wp-json\/wp\/v2\/posts\/920\/revisions\/926"}],"wp:attachment":[{"href":"https:\/\/agora.xtec.cat\/escola-torreforta\/wp-json\/wp\/v2\/media?parent=920"}],"wp:term":[{"taxonomy":"category","embeddable":true,"href":"https:\/\/agora.xtec.cat\/escola-torreforta\/wp-json\/wp\/v2\/categories?post=920"},{"taxonomy":"post_tag","embeddable":true,"href":"https:\/\/agora.xtec.cat\/escola-torreforta\/wp-json\/wp\/v2\/tags?post=920"}],"curies":[{"name":"wp","href":"https:\/\/api.w.org\/{rel}","templated":true}]}}