{"id":911,"date":"2020-03-12T16:10:01","date_gmt":"2020-03-12T15:10:01","guid":{"rendered":"https:\/\/agora.xtec.cat\/escola-torreforta\/?p=911"},"modified":"2020-03-12T16:21:30","modified_gmt":"2020-03-12T15:21:30","slug":"important-comunicat-a-les-families","status":"publish","type":"post","link":"https:\/\/agora.xtec.cat\/escola-torreforta\/general\/important-comunicat-a-les-families\/","title":{"rendered":"IMPORTANT: Comunicat a les fam\u00edlies!"},"content":{"rendered":"<p>Des de l&#8217;Escola us comuniquem que:<\/p>\n<p>El Departament d\u2019Educaci\u00f3, seguint instruccions del Departament de Salut i com a mesura excepcional per contenir el coronavirus, ha pres la decisi\u00f3 de tancar <strong>a partir del dia 13 de mar\u00e7 i fins al proper dia 27 mar\u00e7<\/strong>, ambd\u00f3s inclosos, tots els centres educatius del pa\u00eds i, per tant, han quedat suspeses les classes en horari lectiu i les activitats extraescolars.<\/p>\n<p>Les classes es reprendran <strong>el dilluns 30 de mar\u00e7.<\/strong><\/p>\n<p>A continuaci\u00f3 us deixem, la carta oficial.<\/p>\n<div data-url=\"https:\/\/issuu.com\/cristinagabrielvizcarro\/docs\/carta_fam_lies_st_tarragona.docx__1_\" style=\"width: 500px; height: 354px;\" class=\"issuuembed\"><\/div>\n<p><script type=\"text\/javascript\" src=\"\/\/e.issuu.com\/embed.js\" async=\"true\"><\/script><\/p>\n","protected":false},"excerpt":{"rendered":"<p>Des de l&#8217;Escola us comuniquem que:<br \/>\nEl Departament d\u2019Educaci\u00f3, seguint instruccions del Departament de Salut i com a mesura excepcional per contenir el coronavirus, ha pres la decisi\u00f3 de tancar a partir del dia 13 de mar\u00e7 i fins al proper dia 27 mar\u00e7, ambd\u00f3s inclosos,&hellip;  <a href=\"https:\/\/agora.xtec.cat\/escola-torreforta\/general\/important-comunicat-a-les-families\/\" title=\"Read IMPORTANT: Comunicat a les fam\u00edlies!\">Llegeix m\u00e9s\u00bb<\/a><\/p>\n","protected":false},"author":5,"featured_media":0,"comment_status":"open","ping_status":"closed","sticky":false,"template":"","format":"standard","meta":{"_bbp_topic_count":0,"_bbp_reply_count":0,"_bbp_total_topic_count":0,"_bbp_total_reply_count":0,"_bbp_voice_count":0,"_bbp_anonymous_reply_count":0,"_bbp_topic_count_hidden":0,"_bbp_reply_count_hidden":0,"_bbp_forum_subforum_count":0,"footnotes":""},"categories":[1,4],"tags":[80,79,73,99,78,101,82,76,100],"class_list":["post-911","post","type-post","status-publish","format-standard","hentry","category-general","category-portada","tag-cicle-inicial","tag-cicle-mitja","tag-cicle-superior","tag-coronavirus","tag-educacio-infantil","tag-escola","tag-general","tag-informacio","tag-tancament"],"post_mailing_queue_ids":[],"_links":{"self":[{"href":"https:\/\/agora.xtec.cat\/escola-torreforta\/wp-json\/wp\/v2\/posts\/911","targetHints":{"allow":["GET"]}}],"collection":[{"href":"https:\/\/agora.xtec.cat\/escola-torreforta\/wp-json\/wp\/v2\/posts"}],"about":[{"href":"https:\/\/agora.xtec.cat\/escola-torreforta\/wp-json\/wp\/v2\/types\/post"}],"author":[{"embeddable":true,"href":"https:\/\/agora.xtec.cat\/escola-torreforta\/wp-json\/wp\/v2\/users\/5"}],"replies":[{"embeddable":true,"href":"https:\/\/agora.xtec.cat\/escola-torreforta\/wp-json\/wp\/v2\/comments?post=911"}],"version-history":[{"count":3,"href":"https:\/\/agora.xtec.cat\/escola-torreforta\/wp-json\/wp\/v2\/posts\/911\/revisions"}],"predecessor-version":[{"id":919,"href":"https:\/\/agora.xtec.cat\/escola-torreforta\/wp-json\/wp\/v2\/posts\/911\/revisions\/919"}],"wp:attachment":[{"href":"https:\/\/agora.xtec.cat\/escola-torreforta\/wp-json\/wp\/v2\/media?parent=911"}],"wp:term":[{"taxonomy":"category","embeddable":true,"href":"https:\/\/agora.xtec.cat\/escola-torreforta\/wp-json\/wp\/v2\/categories?post=911"},{"taxonomy":"post_tag","embeddable":true,"href":"https:\/\/agora.xtec.cat\/escola-torreforta\/wp-json\/wp\/v2\/tags?post=911"}],"curies":[{"name":"wp","href":"https:\/\/api.w.org\/{rel}","templated":true}]}}