{"id":766,"date":"2018-06-26T13:49:13","date_gmt":"2018-06-26T11:49:13","guid":{"rendered":"http:\/\/agora.xtec.cat\/escola-torreforta\/?p=766"},"modified":"2018-06-26T13:49:13","modified_gmt":"2018-06-26T11:49:13","slug":"teatre-alumnes-de-4t","status":"publish","type":"post","link":"https:\/\/agora.xtec.cat\/escola-torreforta\/portada\/teatre-alumnes-de-4t\/","title":{"rendered":"Teatre alumnes de 4t"},"content":{"rendered":"<p>Aquests \u00faltims dies de curs, els alumnes de 4t de prim\u00e0ria van fer diverses representacions, per als pares i tamb\u00e9 per als companys d&#8217;altres nivells, de l&#8217;obra de teatre &#8220;La llegenda de sant Jordi&#8221;, dirigida pel nostre professor de teatre Alberto Peralta. Aqu\u00ed us en deixem el v\u00eddeo de la representaci\u00f3:<\/p>\n<p style=\"text-align: center;\">\u00a0<iframe loading=\"lazy\" src=\"https:\/\/www.youtube.com\/embed\/CDCb0m0Vo1I?rel=0&amp;controls=0&amp;showinfo=0\" width=\"560\" height=\"315\" frameborder=\"0\" allowfullscreen=\"allowfullscreen\"><\/iframe><\/p>\n","protected":false},"excerpt":{"rendered":"<p>Aquests \u00faltims dies de curs, els alumnes de 4t de prim\u00e0ria van fer diverses representacions, per als pares i tamb\u00e9 per als companys d&#8217;altres nivells, de l&#8217;obra de teatre &#8220;La llegenda de sant Jordi&#8221;, dirigida pel nostre professor de teatre Alberto Peralta. Aqu\u00ed us en&hellip;  <a href=\"https:\/\/agora.xtec.cat\/escola-torreforta\/portada\/teatre-alumnes-de-4t\/\" title=\"Read Teatre alumnes de 4t\">Llegeix m\u00e9s\u00bb<\/a><\/p>\n","protected":false},"author":1,"featured_media":767,"comment_status":"open","ping_status":"closed","sticky":false,"template":"","format":"standard","meta":{"_bbp_topic_count":0,"_bbp_reply_count":0,"_bbp_total_topic_count":0,"_bbp_total_reply_count":0,"_bbp_voice_count":0,"_bbp_anonymous_reply_count":0,"_bbp_topic_count_hidden":0,"_bbp_reply_count_hidden":0,"_bbp_forum_subforum_count":0,"footnotes":""},"categories":[4],"tags":[],"class_list":["post-766","post","type-post","status-publish","format-standard","has-post-thumbnail","hentry","category-portada"],"post_mailing_queue_ids":[],"_links":{"self":[{"href":"https:\/\/agora.xtec.cat\/escola-torreforta\/wp-json\/wp\/v2\/posts\/766","targetHints":{"allow":["GET"]}}],"collection":[{"href":"https:\/\/agora.xtec.cat\/escola-torreforta\/wp-json\/wp\/v2\/posts"}],"about":[{"href":"https:\/\/agora.xtec.cat\/escola-torreforta\/wp-json\/wp\/v2\/types\/post"}],"author":[{"embeddable":true,"href":"https:\/\/agora.xtec.cat\/escola-torreforta\/wp-json\/wp\/v2\/users\/1"}],"replies":[{"embeddable":true,"href":"https:\/\/agora.xtec.cat\/escola-torreforta\/wp-json\/wp\/v2\/comments?post=766"}],"version-history":[{"count":1,"href":"https:\/\/agora.xtec.cat\/escola-torreforta\/wp-json\/wp\/v2\/posts\/766\/revisions"}],"predecessor-version":[{"id":768,"href":"https:\/\/agora.xtec.cat\/escola-torreforta\/wp-json\/wp\/v2\/posts\/766\/revisions\/768"}],"wp:featuredmedia":[{"embeddable":true,"href":"https:\/\/agora.xtec.cat\/escola-torreforta\/wp-json\/wp\/v2\/media\/767"}],"wp:attachment":[{"href":"https:\/\/agora.xtec.cat\/escola-torreforta\/wp-json\/wp\/v2\/media?parent=766"}],"wp:term":[{"taxonomy":"category","embeddable":true,"href":"https:\/\/agora.xtec.cat\/escola-torreforta\/wp-json\/wp\/v2\/categories?post=766"},{"taxonomy":"post_tag","embeddable":true,"href":"https:\/\/agora.xtec.cat\/escola-torreforta\/wp-json\/wp\/v2\/tags?post=766"}],"curies":[{"name":"wp","href":"https:\/\/api.w.org\/{rel}","templated":true}]}}