{"id":759,"date":"2018-06-06T19:59:15","date_gmt":"2018-06-06T17:59:15","guid":{"rendered":"http:\/\/agora.xtec.cat\/escola-torreforta\/?p=759"},"modified":"2018-06-06T20:01:02","modified_gmt":"2018-06-06T18:01:02","slug":"trobada-de-centres-tei","status":"publish","type":"post","link":"https:\/\/agora.xtec.cat\/escola-torreforta\/portada\/trobada-de-centres-tei\/","title":{"rendered":"Trobada de centres TEI"},"content":{"rendered":"<p>Ahir alguns alumnes de 5\u00e8 i 3er de la nostra escola van anar a l&#8217;Antiga Audi\u00e8ncia de Tarragona,\u00a0com a\u00a0 representants\u00a0dels seus companys i companyes en la trobada de centres que desenvolupen el PROGRAMA TUTORIA ENTRE IGUALS per a la conviv\u00e8ncia escolar i la prevenci\u00f3 d&#8217;assetjaments.<\/p>\n<p>En el seg\u00fcent v\u00eddeo podeu veure que b\u00e9 que expliquen qu\u00e8 ha significat per ells el programa TEI:<\/p>\n<div><\/div>\n<div><\/div>\n<p style=\"text-align: center;\"><iframe loading=\"lazy\" src=\"https:\/\/www.youtube.com\/embed\/DE-1Kf25xTo?rel=0&amp;controls=0&amp;showinfo=0\" width=\"560\" height=\"315\" frameborder=\"0\" allowfullscreen=\"allowfullscreen\"><\/iframe><\/p>\n","protected":false},"excerpt":{"rendered":"<p>Ahir alguns alumnes de 5\u00e8 i 3er de la nostra escola van anar a l&#8217;Antiga Audi\u00e8ncia de Tarragona,\u00a0com a\u00a0 representants\u00a0dels seus companys i companyes en la trobada de centres que desenvolupen el PROGRAMA TUTORIA ENTRE IGUALS per a la conviv\u00e8ncia escolar i la prevenci\u00f3 d&#8217;assetjaments.<br \/>\nEn&hellip;  <a href=\"https:\/\/agora.xtec.cat\/escola-torreforta\/portada\/trobada-de-centres-tei\/\" title=\"Read Trobada de centres TEI\">Llegeix m\u00e9s\u00bb<\/a><\/p>\n","protected":false},"author":1,"featured_media":760,"comment_status":"open","ping_status":"closed","sticky":false,"template":"","format":"standard","meta":{"_bbp_topic_count":0,"_bbp_reply_count":0,"_bbp_total_topic_count":0,"_bbp_total_reply_count":0,"_bbp_voice_count":0,"_bbp_anonymous_reply_count":0,"_bbp_topic_count_hidden":0,"_bbp_reply_count_hidden":0,"_bbp_forum_subforum_count":0,"footnotes":""},"categories":[4],"tags":[82,66],"class_list":["post-759","post","type-post","status-publish","format-standard","has-post-thumbnail","hentry","category-portada","tag-general","tag-tei"],"post_mailing_queue_ids":[],"_links":{"self":[{"href":"https:\/\/agora.xtec.cat\/escola-torreforta\/wp-json\/wp\/v2\/posts\/759","targetHints":{"allow":["GET"]}}],"collection":[{"href":"https:\/\/agora.xtec.cat\/escola-torreforta\/wp-json\/wp\/v2\/posts"}],"about":[{"href":"https:\/\/agora.xtec.cat\/escola-torreforta\/wp-json\/wp\/v2\/types\/post"}],"author":[{"embeddable":true,"href":"https:\/\/agora.xtec.cat\/escola-torreforta\/wp-json\/wp\/v2\/users\/1"}],"replies":[{"embeddable":true,"href":"https:\/\/agora.xtec.cat\/escola-torreforta\/wp-json\/wp\/v2\/comments?post=759"}],"version-history":[{"count":2,"href":"https:\/\/agora.xtec.cat\/escola-torreforta\/wp-json\/wp\/v2\/posts\/759\/revisions"}],"predecessor-version":[{"id":762,"href":"https:\/\/agora.xtec.cat\/escola-torreforta\/wp-json\/wp\/v2\/posts\/759\/revisions\/762"}],"wp:featuredmedia":[{"embeddable":true,"href":"https:\/\/agora.xtec.cat\/escola-torreforta\/wp-json\/wp\/v2\/media\/760"}],"wp:attachment":[{"href":"https:\/\/agora.xtec.cat\/escola-torreforta\/wp-json\/wp\/v2\/media?parent=759"}],"wp:term":[{"taxonomy":"category","embeddable":true,"href":"https:\/\/agora.xtec.cat\/escola-torreforta\/wp-json\/wp\/v2\/categories?post=759"},{"taxonomy":"post_tag","embeddable":true,"href":"https:\/\/agora.xtec.cat\/escola-torreforta\/wp-json\/wp\/v2\/tags?post=759"}],"curies":[{"name":"wp","href":"https:\/\/api.w.org\/{rel}","templated":true}]}}