{"id":748,"date":"2018-05-31T15:54:27","date_gmt":"2018-05-31T13:54:27","guid":{"rendered":"http:\/\/agora.xtec.cat\/escola-torreforta\/?p=748"},"modified":"2018-05-31T15:54:27","modified_gmt":"2018-05-31T13:54:27","slug":"english-week-2-0","status":"publish","type":"post","link":"https:\/\/agora.xtec.cat\/escola-torreforta\/portada\/english-week-2-0\/","title":{"rendered":"English Week 2.0"},"content":{"rendered":"<p style=\"text-align: left;\">La setmana del 14 al 18 de maig, els alumnes de les Escoles Campclar, Bonavista, l&#8217;Institut Escola Mediterrani i l&#8217;Escola Torreforta vam celebrar la &#8220;English Week 2.0&#8221;. Durant aquesta setmana tots els alumnes van realitzar activitats en angl\u00e8s de forma l\u00fadica i divertida i en xarxa entre les escoles. Aqu\u00ed us deixem una mostra de les diferents escoles:<\/p>\n<p style=\"text-align: center;\"><iframe loading=\"lazy\" src=\"https:\/\/www.youtube.com\/embed\/yFeSELgm9Ok?rel=0&amp;controls=0&amp;showinfo=0\" width=\"560\" height=\"315\" frameborder=\"0\" allowfullscreen=\"allowfullscreen\"><\/iframe><\/p>\n","protected":false},"excerpt":{"rendered":"<p>La setmana del 14 al 18 de maig, els alumnes de les Escoles Campclar, Bonavista, l&#8217;Institut Escola Mediterrani i l&#8217;Escola Torreforta vam celebrar la &#8220;English Week 2.0&#8221;. Durant aquesta setmana tots els alumnes van realitzar activitats en angl\u00e8s de forma l\u00fadica i divertida i en&hellip;  <a href=\"https:\/\/agora.xtec.cat\/escola-torreforta\/portada\/english-week-2-0\/\" title=\"Read English Week 2.0\">Llegeix m\u00e9s\u00bb<\/a><\/p>\n","protected":false},"author":5,"featured_media":750,"comment_status":"open","ping_status":"closed","sticky":false,"template":"","format":"standard","meta":{"_bbp_topic_count":0,"_bbp_reply_count":0,"_bbp_total_topic_count":0,"_bbp_total_reply_count":0,"_bbp_voice_count":0,"_bbp_anonymous_reply_count":0,"_bbp_topic_count_hidden":0,"_bbp_reply_count_hidden":0,"_bbp_forum_subforum_count":0,"footnotes":""},"categories":[4],"tags":[74,80,79,73,85],"class_list":["post-748","post","type-post","status-publish","format-standard","has-post-thumbnail","hentry","category-portada","tag-angles","tag-cicle-inicial","tag-cicle-mitja","tag-cicle-superior","tag-english-week"],"post_mailing_queue_ids":[],"_links":{"self":[{"href":"https:\/\/agora.xtec.cat\/escola-torreforta\/wp-json\/wp\/v2\/posts\/748","targetHints":{"allow":["GET"]}}],"collection":[{"href":"https:\/\/agora.xtec.cat\/escola-torreforta\/wp-json\/wp\/v2\/posts"}],"about":[{"href":"https:\/\/agora.xtec.cat\/escola-torreforta\/wp-json\/wp\/v2\/types\/post"}],"author":[{"embeddable":true,"href":"https:\/\/agora.xtec.cat\/escola-torreforta\/wp-json\/wp\/v2\/users\/5"}],"replies":[{"embeddable":true,"href":"https:\/\/agora.xtec.cat\/escola-torreforta\/wp-json\/wp\/v2\/comments?post=748"}],"version-history":[{"count":2,"href":"https:\/\/agora.xtec.cat\/escola-torreforta\/wp-json\/wp\/v2\/posts\/748\/revisions"}],"predecessor-version":[{"id":751,"href":"https:\/\/agora.xtec.cat\/escola-torreforta\/wp-json\/wp\/v2\/posts\/748\/revisions\/751"}],"wp:featuredmedia":[{"embeddable":true,"href":"https:\/\/agora.xtec.cat\/escola-torreforta\/wp-json\/wp\/v2\/media\/750"}],"wp:attachment":[{"href":"https:\/\/agora.xtec.cat\/escola-torreforta\/wp-json\/wp\/v2\/media?parent=748"}],"wp:term":[{"taxonomy":"category","embeddable":true,"href":"https:\/\/agora.xtec.cat\/escola-torreforta\/wp-json\/wp\/v2\/categories?post=748"},{"taxonomy":"post_tag","embeddable":true,"href":"https:\/\/agora.xtec.cat\/escola-torreforta\/wp-json\/wp\/v2\/tags?post=748"}],"curies":[{"name":"wp","href":"https:\/\/api.w.org\/{rel}","templated":true}]}}