{"id":726,"date":"2018-02-04T11:43:10","date_gmt":"2018-02-04T10:43:10","guid":{"rendered":"http:\/\/agora.xtec.cat\/escola-torreforta\/?p=726"},"modified":"2018-04-20T11:52:34","modified_gmt":"2018-04-20T09:52:34","slug":"dia-de-la-pau-2018","status":"publish","type":"post","link":"https:\/\/agora.xtec.cat\/escola-torreforta\/portada\/dia-de-la-pau-2018\/","title":{"rendered":"Dia de la Pau 2018"},"content":{"rendered":"<p>Aquest any, els alumnes de tota l&#8217;escola han treballat, durant uns dies, el conte &#8220;<em><strong>El somriure de la Daniela<\/strong><\/em>&#8221; per tal de treballar els valors del dia de la pau i la no viol\u00e8ncia. A la tarda del dia 30, v\u00e0rem sortir tots al pati de l&#8217;escola i els alumnes de tots els nivells van representar el conte i, despr\u00e9s, van cantar la can\u00e7\u00f3 que havien preparat per celebrar aquest dia. Us deixem el v\u00eddeo de la seva interpretaci\u00f3:<\/p>\n<p style=\"text-align: center;\">\u00a0<iframe loading=\"lazy\" src=\"https:\/\/www.youtube.com\/embed\/CfGVUMbVypI?rel=0&amp;showinfo=0\" width=\"640\" height=\"360\" frameborder=\"0\" allowfullscreen=\"allowfullscreen\"><\/iframe><\/p>\n","protected":false},"excerpt":{"rendered":"<p>Aquest any, els alumnes de tota l&#8217;escola han treballat, durant uns dies, el conte &#8220;El somriure de la Daniela&#8221; per tal de treballar els valors del dia de la pau i la no viol\u00e8ncia. A la tarda del dia 30, v\u00e0rem sortir tots al pati&hellip;  <a href=\"https:\/\/agora.xtec.cat\/escola-torreforta\/portada\/dia-de-la-pau-2018\/\" title=\"Read Dia de la Pau 2018\">Llegeix m\u00e9s\u00bb<\/a><\/p>\n","protected":false},"author":1,"featured_media":727,"comment_status":"open","ping_status":"closed","sticky":false,"template":"","format":"standard","meta":{"_bbp_topic_count":0,"_bbp_reply_count":0,"_bbp_total_topic_count":0,"_bbp_total_reply_count":0,"_bbp_voice_count":0,"_bbp_anonymous_reply_count":0,"_bbp_topic_count_hidden":0,"_bbp_reply_count_hidden":0,"_bbp_forum_subforum_count":0,"footnotes":""},"categories":[4],"tags":[57,59],"class_list":["post-726","post","type-post","status-publish","format-standard","has-post-thumbnail","hentry","category-portada","tag-celebracio","tag-dia-de-la-pau"],"post_mailing_queue_ids":[],"_links":{"self":[{"href":"https:\/\/agora.xtec.cat\/escola-torreforta\/wp-json\/wp\/v2\/posts\/726","targetHints":{"allow":["GET"]}}],"collection":[{"href":"https:\/\/agora.xtec.cat\/escola-torreforta\/wp-json\/wp\/v2\/posts"}],"about":[{"href":"https:\/\/agora.xtec.cat\/escola-torreforta\/wp-json\/wp\/v2\/types\/post"}],"author":[{"embeddable":true,"href":"https:\/\/agora.xtec.cat\/escola-torreforta\/wp-json\/wp\/v2\/users\/1"}],"replies":[{"embeddable":true,"href":"https:\/\/agora.xtec.cat\/escola-torreforta\/wp-json\/wp\/v2\/comments?post=726"}],"version-history":[{"count":1,"href":"https:\/\/agora.xtec.cat\/escola-torreforta\/wp-json\/wp\/v2\/posts\/726\/revisions"}],"predecessor-version":[{"id":728,"href":"https:\/\/agora.xtec.cat\/escola-torreforta\/wp-json\/wp\/v2\/posts\/726\/revisions\/728"}],"wp:featuredmedia":[{"embeddable":true,"href":"https:\/\/agora.xtec.cat\/escola-torreforta\/wp-json\/wp\/v2\/media\/727"}],"wp:attachment":[{"href":"https:\/\/agora.xtec.cat\/escola-torreforta\/wp-json\/wp\/v2\/media?parent=726"}],"wp:term":[{"taxonomy":"category","embeddable":true,"href":"https:\/\/agora.xtec.cat\/escola-torreforta\/wp-json\/wp\/v2\/categories?post=726"},{"taxonomy":"post_tag","embeddable":true,"href":"https:\/\/agora.xtec.cat\/escola-torreforta\/wp-json\/wp\/v2\/tags?post=726"}],"curies":[{"name":"wp","href":"https:\/\/api.w.org\/{rel}","templated":true}]}}