{"id":716,"date":"2018-03-23T16:40:50","date_gmt":"2018-03-23T15:40:50","guid":{"rendered":"http:\/\/agora.xtec.cat\/escola-torreforta\/?p=716"},"modified":"2018-03-23T16:40:50","modified_gmt":"2018-03-23T15:40:50","slug":"inauguracio-pati","status":"publish","type":"post","link":"https:\/\/agora.xtec.cat\/escola-torreforta\/portada\/inauguracio-pati\/","title":{"rendered":"Inauguraci\u00f3 pati"},"content":{"rendered":"<p>L&#8217;alcalde de Tarragona, Josep F\u00e8lix Ballesteros, ha inaugurat la tarda d&#8217;aquest dilluns, 19 de mar\u00e7, l&#8217;ampliaci\u00f3 del pati del <strong>Cicle Inicial i Educaci\u00f3 Infantil de l&#8217;Escola Torreforta<\/strong>, en un acte celebrat davant la comunitat educativa del centre. Us deixem un v\u00eddeo amb les imatges de l&#8217;acte i dos enlla\u00e7os als dos diaris que van publicar la not\u00edcia:<\/p>\n<p><iframe loading=\"lazy\" src=\"https:\/\/www.youtube.com\/embed\/bYzfrq4O4g4\" width=\"640\" height=\"360\" frameborder=\"0\" allowfullscreen=\"allowfullscreen\"><\/iframe><\/p>\n<ul>\n<li><a href=\"https:\/\/delcamp.cat\/tarragona\/amp\/societat\/ballesteros-inaugura-lampliacio-del-pati-infants-lescola-torreforta?__twitter_impression=true\" target=\"_blank\" rel=\"noopener noreferrer\">delCamp.cat<\/a><\/li>\n<li><a href=\"https:\/\/www.diaridetarragona.com\/tarragona\/La-Escola-Torreforta-ya-tiene-su-reivindicado-patio-nuevo-20180319-0050.html\" target=\"_blank\" rel=\"noopener noreferrer\">Diari de Tarragona<\/a><\/li>\n<\/ul>\n","protected":false},"excerpt":{"rendered":"<p>L&#8217;alcalde de Tarragona, Josep F\u00e8lix Ballesteros, ha inaugurat la tarda d&#8217;aquest dilluns, 19 de mar\u00e7, l&#8217;ampliaci\u00f3 del pati del Cicle Inicial i Educaci\u00f3 Infantil de l&#8217;Escola Torreforta, en un acte celebrat davant la comunitat educativa del centre. Us deixem un v\u00eddeo amb les imatges de&hellip;  <a href=\"https:\/\/agora.xtec.cat\/escola-torreforta\/portada\/inauguracio-pati\/\" title=\"Read Inauguraci\u00f3 pati\">Llegeix m\u00e9s\u00bb<\/a><\/p>\n","protected":false},"author":1,"featured_media":717,"comment_status":"open","ping_status":"closed","sticky":false,"template":"","format":"standard","meta":{"_bbp_topic_count":0,"_bbp_reply_count":0,"_bbp_total_topic_count":0,"_bbp_total_reply_count":0,"_bbp_voice_count":0,"_bbp_anonymous_reply_count":0,"_bbp_topic_count_hidden":0,"_bbp_reply_count_hidden":0,"_bbp_forum_subforum_count":0,"footnotes":""},"categories":[4],"tags":[],"class_list":["post-716","post","type-post","status-publish","format-standard","has-post-thumbnail","hentry","category-portada"],"post_mailing_queue_ids":[],"_links":{"self":[{"href":"https:\/\/agora.xtec.cat\/escola-torreforta\/wp-json\/wp\/v2\/posts\/716","targetHints":{"allow":["GET"]}}],"collection":[{"href":"https:\/\/agora.xtec.cat\/escola-torreforta\/wp-json\/wp\/v2\/posts"}],"about":[{"href":"https:\/\/agora.xtec.cat\/escola-torreforta\/wp-json\/wp\/v2\/types\/post"}],"author":[{"embeddable":true,"href":"https:\/\/agora.xtec.cat\/escola-torreforta\/wp-json\/wp\/v2\/users\/1"}],"replies":[{"embeddable":true,"href":"https:\/\/agora.xtec.cat\/escola-torreforta\/wp-json\/wp\/v2\/comments?post=716"}],"version-history":[{"count":1,"href":"https:\/\/agora.xtec.cat\/escola-torreforta\/wp-json\/wp\/v2\/posts\/716\/revisions"}],"predecessor-version":[{"id":718,"href":"https:\/\/agora.xtec.cat\/escola-torreforta\/wp-json\/wp\/v2\/posts\/716\/revisions\/718"}],"wp:featuredmedia":[{"embeddable":true,"href":"https:\/\/agora.xtec.cat\/escola-torreforta\/wp-json\/wp\/v2\/media\/717"}],"wp:attachment":[{"href":"https:\/\/agora.xtec.cat\/escola-torreforta\/wp-json\/wp\/v2\/media?parent=716"}],"wp:term":[{"taxonomy":"category","embeddable":true,"href":"https:\/\/agora.xtec.cat\/escola-torreforta\/wp-json\/wp\/v2\/categories?post=716"},{"taxonomy":"post_tag","embeddable":true,"href":"https:\/\/agora.xtec.cat\/escola-torreforta\/wp-json\/wp\/v2\/tags?post=716"}],"curies":[{"name":"wp","href":"https:\/\/api.w.org\/{rel}","templated":true}]}}