{"id":693,"date":"2017-12-18T16:22:31","date_gmt":"2017-12-18T15:22:31","guid":{"rendered":"http:\/\/agora.xtec.cat\/escola-torreforta\/?p=693"},"modified":"2018-02-08T13:42:15","modified_gmt":"2018-02-08T12:42:15","slug":"festival-de-nadal-2017","status":"publish","type":"post","link":"https:\/\/agora.xtec.cat\/escola-torreforta\/general\/festival-de-nadal-2017\/","title":{"rendered":"FESTIVAL DE NADAL 2017"},"content":{"rendered":"<p><a href=\"http:\/\/agora.xtec.cat\/escola-torreforta\/wp-content\/uploads\/usu181\/2017\/12\/Captura.jpg\"><img loading=\"lazy\" decoding=\"async\" class=\" wp-image-694 alignright\" src=\"http:\/\/agora.xtec.cat\/escola-torreforta\/wp-content\/uploads\/usu181\/2017\/12\/Captura-300x208.jpg\" alt=\"\" width=\"198\" height=\"137\" srcset=\"https:\/\/agora.xtec.cat\/escola-torreforta\/wp-content\/uploads\/usu181\/2017\/12\/Captura-300x208.jpg 300w, https:\/\/agora.xtec.cat\/escola-torreforta\/wp-content\/uploads\/usu181\/2017\/12\/Captura.jpg 483w\" sizes=\"auto, (max-width: 198px) 100vw, 198px\" \/><\/a>Us informem que dem\u00e0 dia<strong> 19 de desembre<\/strong> es realitzar\u00e0 el <strong>Festival de Nadal a la Sala Parroquial<\/strong>. Es realitzaran tres festivals dividits de la seg\u00fcent manera:<\/p>\n<ul>\n<li>Festival dels alumnes de <strong>P3,P4 i P5 <\/strong>ser\u00e0 a les<strong> 10:30h<\/strong><\/li>\n<li>Festival dels alumnes de <strong>1r, 2n i 3r <\/strong>ser\u00e0 a les<strong> 11:30h<\/strong><\/li>\n<li>Festival dels alumnes de <strong>4t, 5\u00e8 i 6\u00e8 <\/strong>ser\u00e0 a les<strong> 15:30h<\/strong><\/li>\n<\/ul>\n<p>Us animem a tots i a totes a venir-nos a veure!!<\/p>\n","protected":false},"excerpt":{"rendered":"<p><a href=\"http:\/\/agora.xtec.cat\/escola-torreforta\/wp-content\/uploads\/usu181\/2017\/12\/Captura.jpg\"><\/a>Us informem que dem\u00e0 dia 19 de desembre es realitzar\u00e0 el Festival de Nadal a la Sala Parroquial. Es realitzaran tres festivals dividits de la seg\u00fcent manera:<\/p>\n<ul>\n<li>Festival dels alumnes de P3,P4 i P5 ser\u00e0 a les 10:30h<\/li>\n<li>Festival dels alumnes de 1r, 2n i 3r&hellip;  <a href=\"https:\/\/agora.xtec.cat\/escola-torreforta\/general\/festival-de-nadal-2017\/\" title=\"Read FESTIVAL DE NADAL 2017\">Llegeix m\u00e9s\u00bb<\/a><br \/>\n","protected":false},"author":5,"featured_media":0,"comment_status":"open","ping_status":"closed","sticky":false,"template":"","format":"standard","meta":{"_bbp_topic_count":0,"_bbp_reply_count":0,"_bbp_total_topic_count":0,"_bbp_total_reply_count":0,"_bbp_voice_count":0,"_bbp_anonymous_reply_count":0,"_bbp_topic_count_hidden":0,"_bbp_reply_count_hidden":0,"_bbp_forum_subforum_count":0,"footnotes":""},"categories":[1,4],"tags":[57,80,79,73,78,61,60],"class_list":["post-693","post","type-post","status-publish","format-standard","hentry","category-general","category-portada","tag-celebracio","tag-cicle-inicial","tag-cicle-mitja","tag-cicle-superior","tag-educacio-infantil","tag-festival","tag-nadal"],"post_mailing_queue_ids":[],"_links":{"self":[{"href":"https:\/\/agora.xtec.cat\/escola-torreforta\/wp-json\/wp\/v2\/posts\/693","targetHints":{"allow":["GET"]}}],"collection":[{"href":"https:\/\/agora.xtec.cat\/escola-torreforta\/wp-json\/wp\/v2\/posts"}],"about":[{"href":"https:\/\/agora.xtec.cat\/escola-torreforta\/wp-json\/wp\/v2\/types\/post"}],"author":[{"embeddable":true,"href":"https:\/\/agora.xtec.cat\/escola-torreforta\/wp-json\/wp\/v2\/users\/5"}],"replies":[{"embeddable":true,"href":"https:\/\/agora.xtec.cat\/escola-torreforta\/wp-json\/wp\/v2\/comments?post=693"}],"version-history":[{"count":3,"href":"https:\/\/agora.xtec.cat\/escola-torreforta\/wp-json\/wp\/v2\/posts\/693\/revisions"}],"predecessor-version":[{"id":699,"href":"https:\/\/agora.xtec.cat\/escola-torreforta\/wp-json\/wp\/v2\/posts\/693\/revisions\/699"}],"wp:attachment":[{"href":"https:\/\/agora.xtec.cat\/escola-torreforta\/wp-json\/wp\/v2\/media?parent=693"}],"wp:term":[{"taxonomy":"category","embeddable":true,"href":"https:\/\/agora.xtec.cat\/escola-torreforta\/wp-json\/wp\/v2\/categories?post=693"},{"taxonomy":"post_tag","embeddable":true,"href":"https:\/\/agora.xtec.cat\/escola-torreforta\/wp-json\/wp\/v2\/tags?post=693"}],"curies":[{"name":"wp","href":"https:\/\/api.w.org\/{rel}","templated":true}]}}