{"id":649,"date":"2017-11-16T15:38:45","date_gmt":"2017-11-16T14:38:45","guid":{"rendered":"http:\/\/agora.xtec.cat\/escola-torreforta\/?p=649"},"modified":"2017-11-16T15:40:55","modified_gmt":"2017-11-16T14:40:55","slug":"fotos-de-nadal","status":"publish","type":"post","link":"https:\/\/agora.xtec.cat\/escola-torreforta\/portada\/fotos-de-nadal\/","title":{"rendered":"FOTOS DE NADAL"},"content":{"rendered":"<p>L&#8217;<strong>AMPA<\/strong> ens informa que dem\u00e0 divendres dia <strong>17 de novembre<\/strong> es faran les <strong>FOTOS DE NADAL<\/strong> dels vostres fills\/filles durant tot el dia. Excepte els de <strong>5\u00e8 <\/strong>que es faran el<strong> proper dimarts 21<\/strong> al mat\u00ed perqu\u00e8 dem\u00e0 van d&#8217;excursi\u00f3.<\/p>\n<p><a href=\"http:\/\/agora.xtec.cat\/escola-torreforta\/wp-content\/uploads\/usu181\/2017\/11\/camera.jpg\"><img loading=\"lazy\" decoding=\"async\" class=\"size-full wp-image-656 aligncenter\" src=\"http:\/\/agora.xtec.cat\/escola-torreforta\/wp-content\/uploads\/usu181\/2017\/11\/camera.jpg\" alt=\"\" width=\"243\" height=\"208\" \/><\/a><\/p>\n","protected":false},"excerpt":{"rendered":"<p>L&#8217;AMPA ens informa que dem\u00e0 divendres dia 17 de novembre es faran les FOTOS DE NADAL dels vostres fills\/filles durant tot el dia. Excepte els de 5\u00e8 que es faran el proper dimarts 21 al mat\u00ed perqu\u00e8 dem\u00e0 van d&#8217;excursi\u00f3.<br \/>\n<a href=\"http:\/\/agora.xtec.cat\/escola-torreforta\/wp-content\/uploads\/usu181\/2017\/11\/camera.jpg\"><\/a><\/p>\n","protected":false},"author":5,"featured_media":0,"comment_status":"open","ping_status":"closed","sticky":false,"template":"","format":"standard","meta":{"_bbp_topic_count":0,"_bbp_reply_count":0,"_bbp_total_topic_count":0,"_bbp_total_reply_count":0,"_bbp_voice_count":0,"_bbp_anonymous_reply_count":0,"_bbp_topic_count_hidden":0,"_bbp_reply_count_hidden":0,"_bbp_forum_subforum_count":0,"footnotes":""},"categories":[4],"tags":[56,71,60],"class_list":["post-649","post","type-post","status-publish","format-standard","hentry","category-portada","tag-activitats","tag-ampa","tag-nadal"],"post_mailing_queue_ids":[],"_links":{"self":[{"href":"https:\/\/agora.xtec.cat\/escola-torreforta\/wp-json\/wp\/v2\/posts\/649","targetHints":{"allow":["GET"]}}],"collection":[{"href":"https:\/\/agora.xtec.cat\/escola-torreforta\/wp-json\/wp\/v2\/posts"}],"about":[{"href":"https:\/\/agora.xtec.cat\/escola-torreforta\/wp-json\/wp\/v2\/types\/post"}],"author":[{"embeddable":true,"href":"https:\/\/agora.xtec.cat\/escola-torreforta\/wp-json\/wp\/v2\/users\/5"}],"replies":[{"embeddable":true,"href":"https:\/\/agora.xtec.cat\/escola-torreforta\/wp-json\/wp\/v2\/comments?post=649"}],"version-history":[{"count":3,"href":"https:\/\/agora.xtec.cat\/escola-torreforta\/wp-json\/wp\/v2\/posts\/649\/revisions"}],"predecessor-version":[{"id":658,"href":"https:\/\/agora.xtec.cat\/escola-torreforta\/wp-json\/wp\/v2\/posts\/649\/revisions\/658"}],"wp:attachment":[{"href":"https:\/\/agora.xtec.cat\/escola-torreforta\/wp-json\/wp\/v2\/media?parent=649"}],"wp:term":[{"taxonomy":"category","embeddable":true,"href":"https:\/\/agora.xtec.cat\/escola-torreforta\/wp-json\/wp\/v2\/categories?post=649"},{"taxonomy":"post_tag","embeddable":true,"href":"https:\/\/agora.xtec.cat\/escola-torreforta\/wp-json\/wp\/v2\/tags?post=649"}],"curies":[{"name":"wp","href":"https:\/\/api.w.org\/{rel}","templated":true}]}}