{"id":546,"date":"2017-02-03T12:45:09","date_gmt":"2017-02-03T11:45:09","guid":{"rendered":"http:\/\/agora.xtec.cat\/escola-torreforta\/?p=546"},"modified":"2017-02-03T12:45:09","modified_gmt":"2017-02-03T11:45:09","slug":"celebrem-el-dia-de-la-pau","status":"publish","type":"post","link":"https:\/\/agora.xtec.cat\/escola-torreforta\/portada\/celebrem-el-dia-de-la-pau\/","title":{"rendered":"Celebrem el Dia de la Pau"},"content":{"rendered":"<p>Aquest dimarts, 31 de gener, tots els alumnes del centre ens vam concentrar al pati per celebrar el <strong>Dia de la Pau<\/strong>. Durant la setmana anterior, totes les classes havien parlat de la pau tot treballant el conte &#8220;<em><strong>Les girafes no poden ballar<\/strong><\/em>&#8221; i tamb\u00e9 van confeccionar unes caretes representant els personatges que hi sortien. Aix\u00ed, en el moment de la celebraci\u00f3, es va explicar i representar el conte i, despr\u00e9s, van cantar la can\u00e7\u00f3 de la pau &#8220;El m\u00f3n seria&#8230;&#8221;. Us en deixem el v\u00eddeo que hem editat:<\/p>\n<p style=\"text-align: center;\">\u00a0<iframe loading=\"lazy\" src=\"https:\/\/www.youtube.com\/embed\/Atrq36bgNL4?rel=0\" width=\"560\" height=\"315\" frameborder=\"0\" allowfullscreen=\"allowfullscreen\"><\/iframe><\/p>\n","protected":false},"excerpt":{"rendered":"<p>Aquest dimarts, 31 de gener, tots els alumnes del centre ens vam concentrar al pati per celebrar el Dia de la Pau. Durant la setmana anterior, totes les classes havien parlat de la pau tot treballant el conte &#8220;Les girafes no poden ballar&#8221; i tamb\u00e9&hellip;  <a href=\"https:\/\/agora.xtec.cat\/escola-torreforta\/portada\/celebrem-el-dia-de-la-pau\/\" title=\"Read Celebrem el Dia de la Pau\">Llegeix m\u00e9s\u00bb<\/a><\/p>\n","protected":false},"author":1,"featured_media":547,"comment_status":"open","ping_status":"open","sticky":false,"template":"","format":"standard","meta":{"_bbp_topic_count":0,"_bbp_reply_count":0,"_bbp_total_topic_count":0,"_bbp_total_reply_count":0,"_bbp_voice_count":0,"_bbp_anonymous_reply_count":0,"_bbp_topic_count_hidden":0,"_bbp_reply_count_hidden":0,"_bbp_forum_subforum_count":0,"footnotes":""},"categories":[4],"tags":[],"class_list":["post-546","post","type-post","status-publish","format-standard","has-post-thumbnail","hentry","category-portada"],"post_mailing_queue_ids":[],"_links":{"self":[{"href":"https:\/\/agora.xtec.cat\/escola-torreforta\/wp-json\/wp\/v2\/posts\/546","targetHints":{"allow":["GET"]}}],"collection":[{"href":"https:\/\/agora.xtec.cat\/escola-torreforta\/wp-json\/wp\/v2\/posts"}],"about":[{"href":"https:\/\/agora.xtec.cat\/escola-torreforta\/wp-json\/wp\/v2\/types\/post"}],"author":[{"embeddable":true,"href":"https:\/\/agora.xtec.cat\/escola-torreforta\/wp-json\/wp\/v2\/users\/1"}],"replies":[{"embeddable":true,"href":"https:\/\/agora.xtec.cat\/escola-torreforta\/wp-json\/wp\/v2\/comments?post=546"}],"version-history":[{"count":1,"href":"https:\/\/agora.xtec.cat\/escola-torreforta\/wp-json\/wp\/v2\/posts\/546\/revisions"}],"predecessor-version":[{"id":548,"href":"https:\/\/agora.xtec.cat\/escola-torreforta\/wp-json\/wp\/v2\/posts\/546\/revisions\/548"}],"wp:featuredmedia":[{"embeddable":true,"href":"https:\/\/agora.xtec.cat\/escola-torreforta\/wp-json\/wp\/v2\/media\/547"}],"wp:attachment":[{"href":"https:\/\/agora.xtec.cat\/escola-torreforta\/wp-json\/wp\/v2\/media?parent=546"}],"wp:term":[{"taxonomy":"category","embeddable":true,"href":"https:\/\/agora.xtec.cat\/escola-torreforta\/wp-json\/wp\/v2\/categories?post=546"},{"taxonomy":"post_tag","embeddable":true,"href":"https:\/\/agora.xtec.cat\/escola-torreforta\/wp-json\/wp\/v2\/tags?post=546"}],"curies":[{"name":"wp","href":"https:\/\/api.w.org\/{rel}","templated":true}]}}