{"id":543,"date":"2017-02-02T13:35:01","date_gmt":"2017-02-02T12:35:01","guid":{"rendered":"http:\/\/agora.xtec.cat\/escola-torreforta\/?p=543"},"modified":"2017-02-02T13:36:21","modified_gmt":"2017-02-02T12:36:21","slug":"festival-de-nadal","status":"publish","type":"post","link":"https:\/\/agora.xtec.cat\/escola-torreforta\/portada\/festival-de-nadal\/","title":{"rendered":"Festival de Nadal"},"content":{"rendered":"<p>Aquest curs el festival de Nadal el vam haver de celebrar al Sal\u00f3 d&#8217;Actes de la Parr\u00f2quia Sant Josep del nostre barri, a qui agra\u00efm que ens hagin deixat aquest espai, ja que en aquell moment\u00a0s&#8217;estaven encara ultimant les obres de la nostra Sala d&#8217;Actes.<\/p>\n<p>Amb tot, ara ja disposem dels v\u00eddeos editats de les actuacions dels alumnes en aquest festival. Us deixem la llista de reproducci\u00f3 de tots\u00a0ells, tot esperant que us agradi tornar-los a escoltar\u00a0cantant:<\/p>\n<p style=\"text-align: center;\">\u00a0<iframe loading=\"lazy\" src=\"https:\/\/www.youtube.com\/embed\/videoseries?list=PLkhrPmqvlVlDoJ-5gn9m0B5FLa_wTAOF2\" width=\"560\" height=\"315\" frameborder=\"0\" allowfullscreen=\"allowfullscreen\"><\/iframe><\/p>\n","protected":false},"excerpt":{"rendered":"<p>Aquest curs el festival de Nadal el vam haver de celebrar al Sal\u00f3 d&#8217;Actes de la Parr\u00f2quia Sant Josep del nostre barri, a qui agra\u00efm que ens hagin deixat aquest espai, ja que en aquell moment\u00a0s&#8217;estaven encara ultimant les obres de la nostra Sala d&#8217;Actes.<br \/>\nAmb&hellip;  <a href=\"https:\/\/agora.xtec.cat\/escola-torreforta\/portada\/festival-de-nadal\/\" title=\"Read Festival de Nadal\">Llegeix m\u00e9s\u00bb<\/a><\/p>\n","protected":false},"author":1,"featured_media":0,"comment_status":"open","ping_status":"open","sticky":false,"template":"","format":"standard","meta":{"_bbp_topic_count":0,"_bbp_reply_count":0,"_bbp_total_topic_count":0,"_bbp_total_reply_count":0,"_bbp_voice_count":0,"_bbp_anonymous_reply_count":0,"_bbp_topic_count_hidden":0,"_bbp_reply_count_hidden":0,"_bbp_forum_subforum_count":0,"footnotes":""},"categories":[4],"tags":[57,61,60],"class_list":["post-543","post","type-post","status-publish","format-standard","hentry","category-portada","tag-celebracio","tag-festival","tag-nadal"],"post_mailing_queue_ids":[],"_links":{"self":[{"href":"https:\/\/agora.xtec.cat\/escola-torreforta\/wp-json\/wp\/v2\/posts\/543","targetHints":{"allow":["GET"]}}],"collection":[{"href":"https:\/\/agora.xtec.cat\/escola-torreforta\/wp-json\/wp\/v2\/posts"}],"about":[{"href":"https:\/\/agora.xtec.cat\/escola-torreforta\/wp-json\/wp\/v2\/types\/post"}],"author":[{"embeddable":true,"href":"https:\/\/agora.xtec.cat\/escola-torreforta\/wp-json\/wp\/v2\/users\/1"}],"replies":[{"embeddable":true,"href":"https:\/\/agora.xtec.cat\/escola-torreforta\/wp-json\/wp\/v2\/comments?post=543"}],"version-history":[{"count":2,"href":"https:\/\/agora.xtec.cat\/escola-torreforta\/wp-json\/wp\/v2\/posts\/543\/revisions"}],"predecessor-version":[{"id":545,"href":"https:\/\/agora.xtec.cat\/escola-torreforta\/wp-json\/wp\/v2\/posts\/543\/revisions\/545"}],"wp:attachment":[{"href":"https:\/\/agora.xtec.cat\/escola-torreforta\/wp-json\/wp\/v2\/media?parent=543"}],"wp:term":[{"taxonomy":"category","embeddable":true,"href":"https:\/\/agora.xtec.cat\/escola-torreforta\/wp-json\/wp\/v2\/categories?post=543"},{"taxonomy":"post_tag","embeddable":true,"href":"https:\/\/agora.xtec.cat\/escola-torreforta\/wp-json\/wp\/v2\/tags?post=543"}],"curies":[{"name":"wp","href":"https:\/\/api.w.org\/{rel}","templated":true}]}}