{"id":529,"date":"2016-12-19T16:16:23","date_gmt":"2016-12-19T15:16:23","guid":{"rendered":"http:\/\/agora.xtec.cat\/escola-torreforta\/?p=529"},"modified":"2016-12-19T16:16:23","modified_gmt":"2016-12-19T15:16:23","slug":"larbre-dels-desitjos","status":"publish","type":"post","link":"https:\/\/agora.xtec.cat\/escola-torreforta\/portada\/larbre-dels-desitjos\/","title":{"rendered":"L&#8217;arbre dels desitjos"},"content":{"rendered":"<p style=\"text-align: left;\">El Arbre dels Desitjos ja llueix ple dels missatges dels nens i nenes de la ciutat al vest\u00edbul de l&#8217;Ajuntament de Tarragona. Ahir al mat\u00ed els alumnes de 3r i 4t de 28 centres de prim\u00e0ria i educaci\u00f3 especial de la ciutat, entre ells el nostre, van penjar els seus millors desitjos per a l&#8217;any 2017. La desena edici\u00f3 d&#8217;aquest acte va comptar amb la pres\u00e8ncia de l&#8217;alcalde de la ciutat, Josep F\u00e8lix Ballesteros; del regidor d&#8217;Educaci\u00f3, Francesc Roca, i de la regidora de Relacions Ciutadanes, Elvira Ferrando. Us en deixem una imatge:<\/p>\n<p><a href=\"http:\/\/agora.xtec.cat\/escola-torreforta\/wp-content\/uploads\/usu181\/2016\/12\/19-12-2016-14.12.47-1.jpg\"><img loading=\"lazy\" decoding=\"async\" class=\"size-full wp-image-530 aligncenter\" src=\"http:\/\/agora.xtec.cat\/escola-torreforta\/wp-content\/uploads\/usu181\/2016\/12\/19-12-2016-14.12.47-1.jpg\" alt=\"19-12-2016-14-12-47-1\" width=\"540\" height=\"410\" \/><\/a><\/p>\n","protected":false},"excerpt":{"rendered":"<p>El Arbre dels Desitjos ja llueix ple dels missatges dels nens i nenes de la ciutat al vest\u00edbul de l&#8217;Ajuntament de Tarragona. Ahir al mat\u00ed els alumnes de 3r i 4t de 28 centres de prim\u00e0ria i educaci\u00f3 especial de la ciutat, entre ells el&hellip;  <a href=\"https:\/\/agora.xtec.cat\/escola-torreforta\/portada\/larbre-dels-desitjos\/\" title=\"Read L&#8217;arbre dels desitjos\">Llegeix m\u00e9s\u00bb<\/a><\/p>\n","protected":false},"author":1,"featured_media":530,"comment_status":"open","ping_status":"open","sticky":false,"template":"","format":"standard","meta":{"_bbp_topic_count":0,"_bbp_reply_count":0,"_bbp_total_topic_count":0,"_bbp_total_reply_count":0,"_bbp_voice_count":0,"_bbp_anonymous_reply_count":0,"_bbp_topic_count_hidden":0,"_bbp_reply_count_hidden":0,"_bbp_forum_subforum_count":0,"footnotes":""},"categories":[4],"tags":[56,57],"class_list":["post-529","post","type-post","status-publish","format-standard","has-post-thumbnail","hentry","category-portada","tag-activitats","tag-celebracio"],"post_mailing_queue_ids":[],"_links":{"self":[{"href":"https:\/\/agora.xtec.cat\/escola-torreforta\/wp-json\/wp\/v2\/posts\/529","targetHints":{"allow":["GET"]}}],"collection":[{"href":"https:\/\/agora.xtec.cat\/escola-torreforta\/wp-json\/wp\/v2\/posts"}],"about":[{"href":"https:\/\/agora.xtec.cat\/escola-torreforta\/wp-json\/wp\/v2\/types\/post"}],"author":[{"embeddable":true,"href":"https:\/\/agora.xtec.cat\/escola-torreforta\/wp-json\/wp\/v2\/users\/1"}],"replies":[{"embeddable":true,"href":"https:\/\/agora.xtec.cat\/escola-torreforta\/wp-json\/wp\/v2\/comments?post=529"}],"version-history":[{"count":1,"href":"https:\/\/agora.xtec.cat\/escola-torreforta\/wp-json\/wp\/v2\/posts\/529\/revisions"}],"predecessor-version":[{"id":531,"href":"https:\/\/agora.xtec.cat\/escola-torreforta\/wp-json\/wp\/v2\/posts\/529\/revisions\/531"}],"wp:featuredmedia":[{"embeddable":true,"href":"https:\/\/agora.xtec.cat\/escola-torreforta\/wp-json\/wp\/v2\/media\/530"}],"wp:attachment":[{"href":"https:\/\/agora.xtec.cat\/escola-torreforta\/wp-json\/wp\/v2\/media?parent=529"}],"wp:term":[{"taxonomy":"category","embeddable":true,"href":"https:\/\/agora.xtec.cat\/escola-torreforta\/wp-json\/wp\/v2\/categories?post=529"},{"taxonomy":"post_tag","embeddable":true,"href":"https:\/\/agora.xtec.cat\/escola-torreforta\/wp-json\/wp\/v2\/tags?post=529"}],"curies":[{"name":"wp","href":"https:\/\/api.w.org\/{rel}","templated":true}]}}