{"id":526,"date":"2016-12-19T16:10:48","date_gmt":"2016-12-19T15:10:48","guid":{"rendered":"http:\/\/agora.xtec.cat\/escola-torreforta\/?p=526"},"modified":"2016-12-19T16:11:34","modified_gmt":"2016-12-19T15:11:34","slug":"castanyada-2016","status":"publish","type":"post","link":"https:\/\/agora.xtec.cat\/escola-torreforta\/portada\/castanyada-2016\/","title":{"rendered":"Castanyada 2016"},"content":{"rendered":"<p>Aquest any, com ja \u00e9s tradici\u00f3 a la nostra escola, el divendres dia 28 d\u2019octubre, vam celebrar La Castanyada. Un grup de pares i mares van estar tot el mat\u00ed rostint les castanyes i, despr\u00e9s, els alumnes de 6\u00e8 van omplir les paperines que cada alumne s\u2019havia preparat. A la tarda vam sortir tots al pati a menjar-nos-les i vam acabar la tarda ballant tots a la pista. Aqu\u00ed us deixem unes imatges:<\/p>\n<p>&nbsp;<\/p>\n<div style=\"visibility:visible;width:540px;margin:auto;\"><embed src=\"http:\/\/flash.picturetrail.com\/pflicks\/3\/spflick.swf\" quality=\"high\" FlashVars=\"ql=2&#038;src1=http:\/\/pic60.picturetrail.com:80\/VOL1693\/11706462\/flicks\/1\/9146302\" wmode=\"transparent\" bgcolor=\"#000000\" width=\"540\" height=\"410\" name=\"Castanyada 2016\" align=\"middle\" allowScriptAccess=\"sameDomain\" style=\"height:410px;width:540px\" type=\"application\/x-shockwave-flash\"><\/embed><\/p>\n<p style=\"whitespace:no-wrap;margin-top:10px;height:24px;width:540px\"><a href=\"http:\/\/www.picturetrail.com\/misc\/counter.fcgi?cID=924&#038;link=\/photoFlick\/samples\/pflicks=shtml\"><img decoding=\"async\" align=\"left\" src=\"http:\/\/pics.picturetrail.com\/res\/pflicks\/pt.gif\" border=\"0\" \/><\/a><a href=\"http:\/\/www.picturetrail.com\/misc\/counter.fcgi?cID=925&#038;link=\/photoFlick\/samples\/pflicks=shtml\"><img decoding=\"async\" align=\"left\" style=\"margin-left:5px\" src=\"http:\/\/pics.picturetrail.com\/static\/images\/pt2.gif\" border=\"0\" \/><\/a><\/p>\n<\/div>\n","protected":false},"excerpt":{"rendered":"<p>Aquest any, com ja \u00e9s tradici\u00f3 a la nostra escola, el divendres dia 28 d\u2019octubre, vam celebrar La Castanyada. Un grup de pares i mares van estar tot el mat\u00ed rostint les castanyes i, despr\u00e9s, els alumnes de 6\u00e8 van omplir les paperines que cada&hellip;  <a href=\"https:\/\/agora.xtec.cat\/escola-torreforta\/portada\/castanyada-2016\/\" title=\"Read Castanyada 2016\">Llegeix m\u00e9s\u00bb<\/a><\/p>\n","protected":false},"author":1,"featured_media":0,"comment_status":"open","ping_status":"open","sticky":false,"template":"","format":"standard","meta":{"_bbp_topic_count":0,"_bbp_reply_count":0,"_bbp_total_topic_count":0,"_bbp_total_reply_count":0,"_bbp_voice_count":0,"_bbp_anonymous_reply_count":0,"_bbp_topic_count_hidden":0,"_bbp_reply_count_hidden":0,"_bbp_forum_subforum_count":0,"footnotes":""},"categories":[4],"tags":[58,57],"class_list":["post-526","post","type-post","status-publish","format-standard","hentry","category-portada","tag-castanyada","tag-celebracio"],"post_mailing_queue_ids":[],"_links":{"self":[{"href":"https:\/\/agora.xtec.cat\/escola-torreforta\/wp-json\/wp\/v2\/posts\/526","targetHints":{"allow":["GET"]}}],"collection":[{"href":"https:\/\/agora.xtec.cat\/escola-torreforta\/wp-json\/wp\/v2\/posts"}],"about":[{"href":"https:\/\/agora.xtec.cat\/escola-torreforta\/wp-json\/wp\/v2\/types\/post"}],"author":[{"embeddable":true,"href":"https:\/\/agora.xtec.cat\/escola-torreforta\/wp-json\/wp\/v2\/users\/1"}],"replies":[{"embeddable":true,"href":"https:\/\/agora.xtec.cat\/escola-torreforta\/wp-json\/wp\/v2\/comments?post=526"}],"version-history":[{"count":2,"href":"https:\/\/agora.xtec.cat\/escola-torreforta\/wp-json\/wp\/v2\/posts\/526\/revisions"}],"predecessor-version":[{"id":528,"href":"https:\/\/agora.xtec.cat\/escola-torreforta\/wp-json\/wp\/v2\/posts\/526\/revisions\/528"}],"wp:attachment":[{"href":"https:\/\/agora.xtec.cat\/escola-torreforta\/wp-json\/wp\/v2\/media?parent=526"}],"wp:term":[{"taxonomy":"category","embeddable":true,"href":"https:\/\/agora.xtec.cat\/escola-torreforta\/wp-json\/wp\/v2\/categories?post=526"},{"taxonomy":"post_tag","embeddable":true,"href":"https:\/\/agora.xtec.cat\/escola-torreforta\/wp-json\/wp\/v2\/tags?post=526"}],"curies":[{"name":"wp","href":"https:\/\/api.w.org\/{rel}","templated":true}]}}