{"id":522,"date":"2016-12-19T16:07:28","date_gmt":"2016-12-19T15:07:28","guid":{"rendered":"http:\/\/agora.xtec.cat\/escola-torreforta\/?p=522"},"modified":"2016-12-19T16:07:28","modified_gmt":"2016-12-19T15:07:28","slug":"programa-tei","status":"publish","type":"post","link":"https:\/\/agora.xtec.cat\/escola-torreforta\/portada\/programa-tei\/","title":{"rendered":"Programa TEI"},"content":{"rendered":"<p><a href=\"http:\/\/agora.xtec.cat\/escola-torreforta\/wp-content\/uploads\/usu181\/2016\/12\/TEI.jpg\"><img loading=\"lazy\" decoding=\"async\" class=\"alignleft size-full wp-image-504\" src=\"http:\/\/agora.xtec.cat\/escola-torreforta\/wp-content\/uploads\/usu181\/2016\/12\/TEI.jpg\" alt=\"tei\" width=\"217\" height=\"258\" \/><\/a>Aquest curs 2016.17 comencem el programa TEI (Tutoria Entre Iguals).\u00a0\u00c9s un programa que aposta per la conviv\u00e8ncia i per la prevenci\u00f3 de conflictes.<\/p>\n<p>El programa consisteix en qu\u00e8 els alumnes de 5\u00e8 curs de Prim\u00e0ria tutoritzen als alumnes de 3r curs de Prim\u00e0ria. Cada alumne\/a de 5\u00e8 s\u2019encarregar\u00e0 de tutoritzar a un\/a alumne\/a de 3r.<\/p>\n<p>Anomenem <em>Tutor\/a<\/em> a l\u2019alumne\/a de 5\u00e8 que s\u2019encarrega d\u2019un alumne de 3r, al qual anomenem <em>Tutoritzat\/da<\/em>. Es formaran parelles d\u2019alumnes que \u00a0faran activitats conjuntes i es trobaran un parell de cops per setmana . El vincle que s\u2019estableix entre els\/les alumnes de diferents cursos ha de servir per millorar la conviv\u00e8ncia al centre i per prevenir conflictes, aix\u00ed com mediar-ne en la soluci\u00f3.<\/p>\n<p>S\u2019han fet sessions d\u2019explicaci\u00f3 del Programa TEI als alumnes de 3r, 5\u00e8 i als pares\/mares d\u2019aquests cursos. \u00a0Despr\u00e9s d\u2019explicar als\/les alumnes de 5\u00e8 curs les tasques que han d\u2019assumir els\/les Tutors\/es i el comprom\u00eds que aix\u00f2 suposa, ja estaran preparats per comen\u00e7ar les activitats pr\u00f2pies del programa.<\/p>\n<p>El dimecres 19 d\u2019octubre al Teatre del Centre C\u00edvic es far\u00e0 entrega del nomenament oficial i del carnet als\/les alumnes que realitzaran la tasca de <em>Tutors\/es<\/em> de la nostra Escola.<\/p>\n","protected":false},"excerpt":{"rendered":"<p><a href=\"http:\/\/agora.xtec.cat\/escola-torreforta\/wp-content\/uploads\/usu181\/2016\/12\/TEI.jpg\"><\/a>Aquest curs 2016.17 comencem el programa TEI (Tutoria Entre Iguals).\u00a0\u00c9s un programa que aposta per la conviv\u00e8ncia i per la prevenci\u00f3 de conflictes.<br \/>\nEl programa consisteix en qu\u00e8 els alumnes de 5\u00e8 curs de Prim\u00e0ria tutoritzen als alumnes de 3r curs de Prim\u00e0ria. Cada alumne\/a&hellip;  <a href=\"https:\/\/agora.xtec.cat\/escola-torreforta\/portada\/programa-tei\/\" title=\"Read Programa TEI\">Llegeix m\u00e9s\u00bb<\/a><\/p>\n","protected":false},"author":1,"featured_media":504,"comment_status":"open","ping_status":"open","sticky":false,"template":"","format":"standard","meta":{"_bbp_topic_count":0,"_bbp_reply_count":0,"_bbp_total_topic_count":0,"_bbp_total_reply_count":0,"_bbp_voice_count":0,"_bbp_anonymous_reply_count":0,"_bbp_topic_count_hidden":0,"_bbp_reply_count_hidden":0,"_bbp_forum_subforum_count":0,"footnotes":""},"categories":[4],"tags":[56],"class_list":["post-522","post","type-post","status-publish","format-standard","has-post-thumbnail","hentry","category-portada","tag-activitats"],"post_mailing_queue_ids":[],"_links":{"self":[{"href":"https:\/\/agora.xtec.cat\/escola-torreforta\/wp-json\/wp\/v2\/posts\/522","targetHints":{"allow":["GET"]}}],"collection":[{"href":"https:\/\/agora.xtec.cat\/escola-torreforta\/wp-json\/wp\/v2\/posts"}],"about":[{"href":"https:\/\/agora.xtec.cat\/escola-torreforta\/wp-json\/wp\/v2\/types\/post"}],"author":[{"embeddable":true,"href":"https:\/\/agora.xtec.cat\/escola-torreforta\/wp-json\/wp\/v2\/users\/1"}],"replies":[{"embeddable":true,"href":"https:\/\/agora.xtec.cat\/escola-torreforta\/wp-json\/wp\/v2\/comments?post=522"}],"version-history":[{"count":1,"href":"https:\/\/agora.xtec.cat\/escola-torreforta\/wp-json\/wp\/v2\/posts\/522\/revisions"}],"predecessor-version":[{"id":523,"href":"https:\/\/agora.xtec.cat\/escola-torreforta\/wp-json\/wp\/v2\/posts\/522\/revisions\/523"}],"wp:featuredmedia":[{"embeddable":true,"href":"https:\/\/agora.xtec.cat\/escola-torreforta\/wp-json\/wp\/v2\/media\/504"}],"wp:attachment":[{"href":"https:\/\/agora.xtec.cat\/escola-torreforta\/wp-json\/wp\/v2\/media?parent=522"}],"wp:term":[{"taxonomy":"category","embeddable":true,"href":"https:\/\/agora.xtec.cat\/escola-torreforta\/wp-json\/wp\/v2\/categories?post=522"},{"taxonomy":"post_tag","embeddable":true,"href":"https:\/\/agora.xtec.cat\/escola-torreforta\/wp-json\/wp\/v2\/tags?post=522"}],"curies":[{"name":"wp","href":"https:\/\/api.w.org\/{rel}","templated":true}]}}