{"id":3766,"date":"2026-03-13T08:51:31","date_gmt":"2026-03-13T07:51:31","guid":{"rendered":"https:\/\/agora.xtec.cat\/escola-torreforta\/?p=3766"},"modified":"2026-03-13T08:51:31","modified_gmt":"2026-03-13T07:51:31","slug":"xxii-certament-de-lectura-en-veu-alta","status":"publish","type":"post","link":"https:\/\/agora.xtec.cat\/escola-torreforta\/general\/xxii-certament-de-lectura-en-veu-alta\/","title":{"rendered":"XXII CERTAMENT DE LECTURA EN VEU ALTA"},"content":{"rendered":"<p class=\"isSelectedEnd\">El passat dimarts 10 de mar\u00e7 les alumnes de l\u2019Escola Torreforta van participar en el Certamen de Lectura en Veu Alta, representant la nostra escola amb gran entusiasme i comprom\u00eds.<\/p>\n<p class=\"isSelectedEnd\">Gr\u00e0cies a la seva preparaci\u00f3, esfor\u00e7 i passi\u00f3 per la lectura, han demostrat que llegir en veu alta \u00e9s molt m\u00e9s que llegir correctament un text: \u00e9s saber transmetre emocions, donar vida a les paraules i compartir hist\u00f2ries amb el p\u00fablic.<\/p>\n<p>Des de l\u2019escola volem felicitar-les per la seva dedicaci\u00f3 i per haver representat tan b\u00e9 la nostra comunitat educativa. Enhorabona!<\/p>\n<p><a href=\"https:\/\/agora.xtec.cat\/escola-torreforta\/wp-content\/uploads\/usu181\/2026\/03\/WhatsApp-Image-2026-03-10-at-12.44.12.jpeg\"><img loading=\"lazy\" decoding=\"async\" class=\"alignnone size-medium wp-image-3768\" src=\"https:\/\/agora.xtec.cat\/escola-torreforta\/wp-content\/uploads\/usu181\/2026\/03\/WhatsApp-Image-2026-03-10-at-12.44.12-293x300.jpeg\" alt=\"\" width=\"293\" height=\"300\" srcset=\"https:\/\/agora.xtec.cat\/escola-torreforta\/wp-content\/uploads\/usu181\/2026\/03\/WhatsApp-Image-2026-03-10-at-12.44.12-293x300.jpeg 293w, https:\/\/agora.xtec.cat\/escola-torreforta\/wp-content\/uploads\/usu181\/2026\/03\/WhatsApp-Image-2026-03-10-at-12.44.12-1002x1024.jpeg 1002w, https:\/\/agora.xtec.cat\/escola-torreforta\/wp-content\/uploads\/usu181\/2026\/03\/WhatsApp-Image-2026-03-10-at-12.44.12-768x785.jpeg 768w, https:\/\/agora.xtec.cat\/escola-torreforta\/wp-content\/uploads\/usu181\/2026\/03\/WhatsApp-Image-2026-03-10-at-12.44.12-1502x1536.jpeg 1502w, https:\/\/agora.xtec.cat\/escola-torreforta\/wp-content\/uploads\/usu181\/2026\/03\/WhatsApp-Image-2026-03-10-at-12.44.12.jpeg 1565w\" sizes=\"auto, (max-width: 293px) 100vw, 293px\" \/><\/a> <a href=\"https:\/\/agora.xtec.cat\/escola-torreforta\/wp-content\/uploads\/usu181\/2026\/03\/WhatsApp-Image-2026-03-10-at-12.44.12-1.jpeg\"><img loading=\"lazy\" decoding=\"async\" class=\"alignnone size-medium wp-image-3770\" src=\"https:\/\/agora.xtec.cat\/escola-torreforta\/wp-content\/uploads\/usu181\/2026\/03\/WhatsApp-Image-2026-03-10-at-12.44.12-1-286x300.jpeg\" alt=\"\" width=\"286\" height=\"300\" srcset=\"https:\/\/agora.xtec.cat\/escola-torreforta\/wp-content\/uploads\/usu181\/2026\/03\/WhatsApp-Image-2026-03-10-at-12.44.12-1-286x300.jpeg 286w, https:\/\/agora.xtec.cat\/escola-torreforta\/wp-content\/uploads\/usu181\/2026\/03\/WhatsApp-Image-2026-03-10-at-12.44.12-1-976x1024.jpeg 976w, https:\/\/agora.xtec.cat\/escola-torreforta\/wp-content\/uploads\/usu181\/2026\/03\/WhatsApp-Image-2026-03-10-at-12.44.12-1-768x806.jpeg 768w, https:\/\/agora.xtec.cat\/escola-torreforta\/wp-content\/uploads\/usu181\/2026\/03\/WhatsApp-Image-2026-03-10-at-12.44.12-1-1464x1536.jpeg 1464w, https:\/\/agora.xtec.cat\/escola-torreforta\/wp-content\/uploads\/usu181\/2026\/03\/WhatsApp-Image-2026-03-10-at-12.44.12-1.jpeg 1525w\" sizes=\"auto, (max-width: 286px) 100vw, 286px\" \/><\/a><\/p>\n","protected":false},"excerpt":{"rendered":"<p>El passat dimarts 10 de mar\u00e7 les alumnes de l\u2019Escola Torreforta van participar en el Certamen de Lectura en Veu Alta, representant la nostra escola amb gran entusiasme i comprom\u00eds.<br \/>\nGr\u00e0cies a la seva preparaci\u00f3, esfor\u00e7 i passi\u00f3 per la lectura, han demostrat que llegir en&hellip;  <a href=\"https:\/\/agora.xtec.cat\/escola-torreforta\/general\/xxii-certament-de-lectura-en-veu-alta\/\" title=\"Read XXII CERTAMENT DE LECTURA EN VEU ALTA\">Llegeix m\u00e9s\u00bb<\/a><\/p>\n","protected":false},"author":1,"featured_media":0,"comment_status":"open","ping_status":"open","sticky":false,"template":"","format":"standard","meta":{"_bbp_topic_count":0,"_bbp_reply_count":0,"_bbp_total_topic_count":0,"_bbp_total_reply_count":0,"_bbp_voice_count":0,"_bbp_anonymous_reply_count":0,"_bbp_topic_count_hidden":0,"_bbp_reply_count_hidden":0,"_bbp_forum_subforum_count":0,"footnotes":""},"categories":[1,4],"tags":[284,79,73,292],"class_list":["post-3766","post","type-post","status-publish","format-standard","hentry","category-general","category-portada","tag-certamen-de-lectura-en-veu-alta","tag-cicle-mitja","tag-cicle-superior","tag-curs-2025-2026"],"post_mailing_queue_ids":[],"_links":{"self":[{"href":"https:\/\/agora.xtec.cat\/escola-torreforta\/wp-json\/wp\/v2\/posts\/3766","targetHints":{"allow":["GET"]}}],"collection":[{"href":"https:\/\/agora.xtec.cat\/escola-torreforta\/wp-json\/wp\/v2\/posts"}],"about":[{"href":"https:\/\/agora.xtec.cat\/escola-torreforta\/wp-json\/wp\/v2\/types\/post"}],"author":[{"embeddable":true,"href":"https:\/\/agora.xtec.cat\/escola-torreforta\/wp-json\/wp\/v2\/users\/1"}],"replies":[{"embeddable":true,"href":"https:\/\/agora.xtec.cat\/escola-torreforta\/wp-json\/wp\/v2\/comments?post=3766"}],"version-history":[{"count":1,"href":"https:\/\/agora.xtec.cat\/escola-torreforta\/wp-json\/wp\/v2\/posts\/3766\/revisions"}],"predecessor-version":[{"id":3771,"href":"https:\/\/agora.xtec.cat\/escola-torreforta\/wp-json\/wp\/v2\/posts\/3766\/revisions\/3771"}],"wp:attachment":[{"href":"https:\/\/agora.xtec.cat\/escola-torreforta\/wp-json\/wp\/v2\/media?parent=3766"}],"wp:term":[{"taxonomy":"category","embeddable":true,"href":"https:\/\/agora.xtec.cat\/escola-torreforta\/wp-json\/wp\/v2\/categories?post=3766"},{"taxonomy":"post_tag","embeddable":true,"href":"https:\/\/agora.xtec.cat\/escola-torreforta\/wp-json\/wp\/v2\/tags?post=3766"}],"curies":[{"name":"wp","href":"https:\/\/api.w.org\/{rel}","templated":true}]}}