{"id":3717,"date":"2026-02-09T13:35:15","date_gmt":"2026-02-09T12:35:15","guid":{"rendered":"https:\/\/agora.xtec.cat\/escola-torreforta\/?p=3717"},"modified":"2026-02-10T11:01:00","modified_gmt":"2026-02-10T10:01:00","slug":"cantata-al-centre-civic","status":"publish","type":"post","link":"https:\/\/agora.xtec.cat\/escola-torreforta\/general\/cantata-al-centre-civic\/","title":{"rendered":"Cantata al Centre C\u00edvic"},"content":{"rendered":"<p data-path-to-node=\"3\">El passat dijous <b data-path-to-node=\"3\" data-index-in-node=\"17\">5 de febrer <\/b>ens ho vam passar d\u2019all\u00f2 m\u00e9s b\u00e9 al Centre C\u00edvic! Els nostres alumnes de tercer van pujar a l&#8217;escenari per interpretar la cantata <b data-path-to-node=\"3\" data-index-in-node=\"145\">&#8220;La F\u00e0brica de Colors&#8221;<\/b>, de Sergi Salinas, i el resultat va ser, senzillament, espectacular.<\/p>\n<p data-path-to-node=\"4\">Sota la direcci\u00f3 de <b data-path-to-node=\"4\" data-index-in-node=\"20\">Cristina Ruiz<\/b>, professora de l\u2019Escola Municipal de M\u00fasica de Tarragona, els participants van omplir l&#8217;escenari de ritme.<\/p>\n<p data-path-to-node=\"6\">Aquesta cantata forma part del nostre projecte de <b data-path-to-node=\"6\" data-index-in-node=\"50\">m\u00fasica comunit\u00e0ria<\/b>, on volem que la m\u00fasica no es quedi nom\u00e9s a classe, sin\u00f3 que es visqui i es comparteixi.<\/p>\n<p data-path-to-node=\"6\">Volem agrair a tothom qui va fer possible aquesta explosi\u00f3 de colors i sons. Seguim fent cr\u00e9ixer la m\u00fasica plegats!<\/p>\n<p style=\"text-align: center;\" data-path-to-node=\"8\"><iframe loading=\"lazy\" src=\"\/\/www.youtube.com\/embed\/Qw6vggGCAxE\" width=\"560\" height=\"314\" allowfullscreen=\"allowfullscreen\"><\/iframe><\/p>\n","protected":false},"excerpt":{"rendered":"<p>El passat dijous 5 de febrer ens ho vam passar d\u2019all\u00f2 m\u00e9s b\u00e9 al Centre C\u00edvic! Els nostres alumnes de tercer van pujar a l&#8217;escenari per interpretar la cantata &#8220;La F\u00e0brica de Colors&#8221;, de Sergi Salinas, i el resultat va ser, senzillament, espectacular.<br \/>\nSota la direcci\u00f3&hellip;  <a href=\"https:\/\/agora.xtec.cat\/escola-torreforta\/general\/cantata-al-centre-civic\/\" title=\"Read Cantata al Centre C\u00edvic\">Llegeix m\u00e9s\u00bb<\/a><\/p>\n","protected":false},"author":1,"featured_media":3718,"comment_status":"open","ping_status":"open","sticky":false,"template":"","format":"standard","meta":{"_bbp_topic_count":0,"_bbp_reply_count":0,"_bbp_total_topic_count":0,"_bbp_total_reply_count":0,"_bbp_voice_count":0,"_bbp_anonymous_reply_count":0,"_bbp_topic_count_hidden":0,"_bbp_reply_count_hidden":0,"_bbp_forum_subforum_count":0,"footnotes":""},"categories":[1,4],"tags":[286,292,264],"class_list":["post-3717","post","type-post","status-publish","format-standard","has-post-thumbnail","hentry","category-general","category-portada","tag-cantata","tag-curs-2025-2026","tag-musica"],"post_mailing_queue_ids":[],"_links":{"self":[{"href":"https:\/\/agora.xtec.cat\/escola-torreforta\/wp-json\/wp\/v2\/posts\/3717","targetHints":{"allow":["GET"]}}],"collection":[{"href":"https:\/\/agora.xtec.cat\/escola-torreforta\/wp-json\/wp\/v2\/posts"}],"about":[{"href":"https:\/\/agora.xtec.cat\/escola-torreforta\/wp-json\/wp\/v2\/types\/post"}],"author":[{"embeddable":true,"href":"https:\/\/agora.xtec.cat\/escola-torreforta\/wp-json\/wp\/v2\/users\/1"}],"replies":[{"embeddable":true,"href":"https:\/\/agora.xtec.cat\/escola-torreforta\/wp-json\/wp\/v2\/comments?post=3717"}],"version-history":[{"count":2,"href":"https:\/\/agora.xtec.cat\/escola-torreforta\/wp-json\/wp\/v2\/posts\/3717\/revisions"}],"predecessor-version":[{"id":3720,"href":"https:\/\/agora.xtec.cat\/escola-torreforta\/wp-json\/wp\/v2\/posts\/3717\/revisions\/3720"}],"wp:featuredmedia":[{"embeddable":true,"href":"https:\/\/agora.xtec.cat\/escola-torreforta\/wp-json\/wp\/v2\/media\/3718"}],"wp:attachment":[{"href":"https:\/\/agora.xtec.cat\/escola-torreforta\/wp-json\/wp\/v2\/media?parent=3717"}],"wp:term":[{"taxonomy":"category","embeddable":true,"href":"https:\/\/agora.xtec.cat\/escola-torreforta\/wp-json\/wp\/v2\/categories?post=3717"},{"taxonomy":"post_tag","embeddable":true,"href":"https:\/\/agora.xtec.cat\/escola-torreforta\/wp-json\/wp\/v2\/tags?post=3717"}],"curies":[{"name":"wp","href":"https:\/\/api.w.org\/{rel}","templated":true}]}}