{"id":3585,"date":"2025-10-23T18:25:19","date_gmt":"2025-10-23T16:25:19","guid":{"rendered":"https:\/\/agora.xtec.cat\/escola-torreforta\/?p=3585"},"modified":"2025-10-27T12:53:16","modified_gmt":"2025-10-27T11:53:16","slug":"projecte-tei-tutoria-entre-iguals","status":"publish","type":"post","link":"https:\/\/agora.xtec.cat\/escola-torreforta\/general\/projecte-tei-tutoria-entre-iguals\/","title":{"rendered":"Projecte TEI (Tutoria Entre Iguals)"},"content":{"rendered":"<p><span style=\"font-weight: 400;\">L\u2019alumnat de 5\u00e8 i de 3r s\u2019ha reunit per fer formal el comprom\u00eds de la participaci\u00f3 al Programa TEI. La Directora\u00a0 ha repartit els carnets i els contractes per poder tutoritzar els m\u00e9s petits.<\/span><\/p>\n<p><span style=\"font-weight: 400;\">\u00c9s un programa de conviv\u00e8ncia per la prevenci\u00f3 de la viol\u00e8ncia i l\u2019assetjament escolar, mitjan\u00e7ant la tutoritzaci\u00f3 emocional entre iguals.<\/span><\/p>\n<p><a href=\"https:\/\/agora.xtec.cat\/escola-torreforta\/wp-content\/uploads\/usu181\/2025\/10\/1761045703686-1.jpg\"><img loading=\"lazy\" decoding=\"async\" class=\"alignnone wp-image-3584\" src=\"https:\/\/agora.xtec.cat\/escola-torreforta\/wp-content\/uploads\/usu181\/2025\/10\/1761045703686-1.jpg\" alt=\"\" width=\"347\" height=\"195\" srcset=\"https:\/\/agora.xtec.cat\/escola-torreforta\/wp-content\/uploads\/usu181\/2025\/10\/1761045703686-1.jpg 1024w, https:\/\/agora.xtec.cat\/escola-torreforta\/wp-content\/uploads\/usu181\/2025\/10\/1761045703686-1-300x169.jpg 300w, https:\/\/agora.xtec.cat\/escola-torreforta\/wp-content\/uploads\/usu181\/2025\/10\/1761045703686-1-768x432.jpg 768w\" sizes=\"auto, (max-width: 347px) 100vw, 347px\" \/>\u00a0\u00a0 <\/a><a href=\"https:\/\/agora.xtec.cat\/escola-torreforta\/wp-content\/uploads\/usu181\/2025\/10\/1761045703716-1.jpg\"><img loading=\"lazy\" decoding=\"async\" class=\"alignnone wp-image-3588\" src=\"https:\/\/agora.xtec.cat\/escola-torreforta\/wp-content\/uploads\/usu181\/2025\/10\/1761045703716-1.jpg\" alt=\"\" width=\"347\" height=\"195\" srcset=\"https:\/\/agora.xtec.cat\/escola-torreforta\/wp-content\/uploads\/usu181\/2025\/10\/1761045703716-1.jpg 1024w, https:\/\/agora.xtec.cat\/escola-torreforta\/wp-content\/uploads\/usu181\/2025\/10\/1761045703716-1-300x169.jpg 300w, https:\/\/agora.xtec.cat\/escola-torreforta\/wp-content\/uploads\/usu181\/2025\/10\/1761045703716-1-768x432.jpg 768w\" sizes=\"auto, (max-width: 347px) 100vw, 347px\" \/><\/a><\/p>\n<p><a href=\"https:\/\/agora.xtec.cat\/escola-torreforta\/wp-content\/uploads\/usu181\/2025\/10\/1761045703531-scaled.jpg\"><img loading=\"lazy\" decoding=\"async\" class=\"wp-image-3600 aligncenter\" src=\"https:\/\/agora.xtec.cat\/escola-torreforta\/wp-content\/uploads\/usu181\/2025\/10\/1761045703531-796x1024.jpg\" alt=\"\" width=\"313\" height=\"402\" srcset=\"https:\/\/agora.xtec.cat\/escola-torreforta\/wp-content\/uploads\/usu181\/2025\/10\/1761045703531-796x1024.jpg 796w, https:\/\/agora.xtec.cat\/escola-torreforta\/wp-content\/uploads\/usu181\/2025\/10\/1761045703531-233x300.jpg 233w, https:\/\/agora.xtec.cat\/escola-torreforta\/wp-content\/uploads\/usu181\/2025\/10\/1761045703531-768x987.jpg 768w, https:\/\/agora.xtec.cat\/escola-torreforta\/wp-content\/uploads\/usu181\/2025\/10\/1761045703531-1195x1536.jpg 1195w, https:\/\/agora.xtec.cat\/escola-torreforta\/wp-content\/uploads\/usu181\/2025\/10\/1761045703531-1593x2048.jpg 1593w, https:\/\/agora.xtec.cat\/escola-torreforta\/wp-content\/uploads\/usu181\/2025\/10\/1761045703531-scaled.jpg 1991w\" sizes=\"auto, (max-width: 313px) 100vw, 313px\" \/><\/a><\/p>\n","protected":false},"excerpt":{"rendered":"<p>L\u2019alumnat de 5\u00e8 i de 3r s\u2019ha reunit per fer formal el comprom\u00eds de la participaci\u00f3 al Programa TEI. La Directora\u00a0 ha repartit els carnets i els contractes per poder tutoritzar els m\u00e9s petits.<br \/>\n\u00c9s un programa de conviv\u00e8ncia per la prevenci\u00f3 de la viol\u00e8ncia i&hellip;  <a href=\"https:\/\/agora.xtec.cat\/escola-torreforta\/general\/projecte-tei-tutoria-entre-iguals\/\" title=\"Read Projecte TEI (Tutoria Entre Iguals)\">Llegeix m\u00e9s\u00bb<\/a><\/p>\n","protected":false},"author":1,"featured_media":0,"comment_status":"open","ping_status":"open","sticky":false,"template":"","format":"standard","meta":{"_bbp_topic_count":0,"_bbp_reply_count":0,"_bbp_total_topic_count":0,"_bbp_total_reply_count":0,"_bbp_voice_count":0,"_bbp_anonymous_reply_count":0,"_bbp_topic_count_hidden":0,"_bbp_reply_count_hidden":0,"_bbp_forum_subforum_count":0,"footnotes":""},"categories":[1,4],"tags":[291,66],"class_list":["post-3585","post","type-post","status-publish","format-standard","hentry","category-general","category-portada","tag-curs-2025-2025","tag-tei"],"post_mailing_queue_ids":[],"_links":{"self":[{"href":"https:\/\/agora.xtec.cat\/escola-torreforta\/wp-json\/wp\/v2\/posts\/3585","targetHints":{"allow":["GET"]}}],"collection":[{"href":"https:\/\/agora.xtec.cat\/escola-torreforta\/wp-json\/wp\/v2\/posts"}],"about":[{"href":"https:\/\/agora.xtec.cat\/escola-torreforta\/wp-json\/wp\/v2\/types\/post"}],"author":[{"embeddable":true,"href":"https:\/\/agora.xtec.cat\/escola-torreforta\/wp-json\/wp\/v2\/users\/1"}],"replies":[{"embeddable":true,"href":"https:\/\/agora.xtec.cat\/escola-torreforta\/wp-json\/wp\/v2\/comments?post=3585"}],"version-history":[{"count":5,"href":"https:\/\/agora.xtec.cat\/escola-torreforta\/wp-json\/wp\/v2\/posts\/3585\/revisions"}],"predecessor-version":[{"id":3601,"href":"https:\/\/agora.xtec.cat\/escola-torreforta\/wp-json\/wp\/v2\/posts\/3585\/revisions\/3601"}],"wp:attachment":[{"href":"https:\/\/agora.xtec.cat\/escola-torreforta\/wp-json\/wp\/v2\/media?parent=3585"}],"wp:term":[{"taxonomy":"category","embeddable":true,"href":"https:\/\/agora.xtec.cat\/escola-torreforta\/wp-json\/wp\/v2\/categories?post=3585"},{"taxonomy":"post_tag","embeddable":true,"href":"https:\/\/agora.xtec.cat\/escola-torreforta\/wp-json\/wp\/v2\/tags?post=3585"}],"curies":[{"name":"wp","href":"https:\/\/api.w.org\/{rel}","templated":true}]}}