{"id":3445,"date":"2025-03-26T09:30:45","date_gmt":"2025-03-26T08:30:45","guid":{"rendered":"https:\/\/agora.xtec.cat\/escola-torreforta\/?p=3445"},"modified":"2025-03-26T09:30:45","modified_gmt":"2025-03-26T08:30:45","slug":"cantata-al-centre-civic-de-torreforta","status":"publish","type":"post","link":"https:\/\/agora.xtec.cat\/escola-torreforta\/general\/cantata-al-centre-civic-de-torreforta\/","title":{"rendered":"Cantata al Centre C\u00edvic de Torreforta"},"content":{"rendered":"<p>A l&#8217;Escola Torreforta tenim la sort de gaudir del projecte de m\u00fasica comunit\u00e0ria en la modalitat de Coral proposada per l&#8217;Escola Municipal de M\u00fasica de Tarragona (IMET). Dirigeix la coral la Cristina Ruiz, que ha muntat aquesta bonica cantata que vam poder gaudir el passat 4 de mar\u00e7 al Centre C\u00edvic. Esperem que la gaudiu!<\/p>\n<p style=\"text-align: center;\"><iframe loading=\"lazy\" src=\"\/\/www.youtube.com\/embed\/U7EBZNrUNbk\" width=\"560\" height=\"314\" allowfullscreen=\"allowfullscreen\"><\/iframe><\/p>\n","protected":false},"excerpt":{"rendered":"<p>A l&#8217;Escola Torreforta tenim la sort de gaudir del projecte de m\u00fasica comunit\u00e0ria en la modalitat de Coral proposada per l&#8217;Escola Municipal de M\u00fasica de Tarragona (IMET). Dirigeix la coral la Cristina Ruiz, que ha muntat aquesta bonica cantata que vam poder gaudir el passat&hellip;  <a href=\"https:\/\/agora.xtec.cat\/escola-torreforta\/general\/cantata-al-centre-civic-de-torreforta\/\" title=\"Read Cantata al Centre C\u00edvic de Torreforta\">Llegeix m\u00e9s\u00bb<\/a><\/p>\n","protected":false},"author":1,"featured_media":3446,"comment_status":"open","ping_status":"closed","sticky":false,"template":"","format":"standard","meta":{"_bbp_topic_count":0,"_bbp_reply_count":0,"_bbp_total_topic_count":0,"_bbp_total_reply_count":0,"_bbp_voice_count":0,"_bbp_anonymous_reply_count":0,"_bbp_topic_count_hidden":0,"_bbp_reply_count_hidden":0,"_bbp_forum_subforum_count":0,"footnotes":""},"categories":[1,4],"tags":[286,238,278],"class_list":["post-3445","post","type-post","status-publish","format-standard","has-post-thumbnail","hentry","category-general","category-portada","tag-cantata","tag-centre-civic","tag-curs-2024-2025"],"post_mailing_queue_ids":[],"_links":{"self":[{"href":"https:\/\/agora.xtec.cat\/escola-torreforta\/wp-json\/wp\/v2\/posts\/3445","targetHints":{"allow":["GET"]}}],"collection":[{"href":"https:\/\/agora.xtec.cat\/escola-torreforta\/wp-json\/wp\/v2\/posts"}],"about":[{"href":"https:\/\/agora.xtec.cat\/escola-torreforta\/wp-json\/wp\/v2\/types\/post"}],"author":[{"embeddable":true,"href":"https:\/\/agora.xtec.cat\/escola-torreforta\/wp-json\/wp\/v2\/users\/1"}],"replies":[{"embeddable":true,"href":"https:\/\/agora.xtec.cat\/escola-torreforta\/wp-json\/wp\/v2\/comments?post=3445"}],"version-history":[{"count":1,"href":"https:\/\/agora.xtec.cat\/escola-torreforta\/wp-json\/wp\/v2\/posts\/3445\/revisions"}],"predecessor-version":[{"id":3447,"href":"https:\/\/agora.xtec.cat\/escola-torreforta\/wp-json\/wp\/v2\/posts\/3445\/revisions\/3447"}],"wp:featuredmedia":[{"embeddable":true,"href":"https:\/\/agora.xtec.cat\/escola-torreforta\/wp-json\/wp\/v2\/media\/3446"}],"wp:attachment":[{"href":"https:\/\/agora.xtec.cat\/escola-torreforta\/wp-json\/wp\/v2\/media?parent=3445"}],"wp:term":[{"taxonomy":"category","embeddable":true,"href":"https:\/\/agora.xtec.cat\/escola-torreforta\/wp-json\/wp\/v2\/categories?post=3445"},{"taxonomy":"post_tag","embeddable":true,"href":"https:\/\/agora.xtec.cat\/escola-torreforta\/wp-json\/wp\/v2\/tags?post=3445"}],"curies":[{"name":"wp","href":"https:\/\/api.w.org\/{rel}","templated":true}]}}