{"id":3368,"date":"2025-02-05T12:21:13","date_gmt":"2025-02-05T11:21:13","guid":{"rendered":"https:\/\/agora.xtec.cat\/escola-torreforta\/?p=3368"},"modified":"2025-02-05T12:21:13","modified_gmt":"2025-02-05T11:21:13","slug":"dia-de-la-pau-3","status":"publish","type":"post","link":"https:\/\/agora.xtec.cat\/escola-torreforta\/general\/dia-de-la-pau-3\/","title":{"rendered":"Dia de la Pau"},"content":{"rendered":"<p>El 30 de gener \u00e9s el Dia Escolar de la No-viol\u00e8ncia i la Pau.<\/p>\n<p>Al llarg del mes de gener hem realitzat diferents activitats per reflexionar sobre la import\u00e0ncia de la conviv\u00e8ncia, la solidaritat i el respecte.<\/p>\n<p>El moment m\u00e9s especial ha estat quan ens hem trobat tots al pati i hem cantat\u00a0 l&#8217;<em>Himne de l&#8217;Alegria<\/em>, de Miguel R\u00edos, una can\u00e7\u00f3 que simbolitza la uni\u00f3 i l&#8217;esperan\u00e7a d&#8217;un m\u00f3n millor. Amb les nostres veus hem volgut transmetre un missatge de pau i fraternitat per a tothom.<\/p>\n<p>Ha estat una celebraci\u00f3 plena de significat que ens recorda que, amb petits gestos, podem construir un futur m\u00e9s just i harmoni\u00f3s.<\/p>\n<p><iframe loading=\"lazy\" src=\"\/\/www.youtube.com\/embed\/drm0fHEGoDQ\" width=\"560\" height=\"314\" allowfullscreen=\"allowfullscreen\"><\/iframe><\/p>\n","protected":false},"excerpt":{"rendered":"<p>El 30 de gener \u00e9s el Dia Escolar de la No-viol\u00e8ncia i la Pau.<br \/>\nAl llarg del mes de gener hem realitzat diferents activitats per reflexionar sobre la import\u00e0ncia de la conviv\u00e8ncia, la solidaritat i el respecte.<br \/>\nEl moment m\u00e9s especial ha estat quan ens hem trobat&hellip;  <a href=\"https:\/\/agora.xtec.cat\/escola-torreforta\/general\/dia-de-la-pau-3\/\" title=\"Read Dia de la Pau\">Llegeix m\u00e9s\u00bb<\/a><\/p>\n","protected":false},"author":1,"featured_media":0,"comment_status":"open","ping_status":"closed","sticky":false,"template":"","format":"standard","meta":{"_bbp_topic_count":0,"_bbp_reply_count":0,"_bbp_total_topic_count":0,"_bbp_total_reply_count":0,"_bbp_voice_count":0,"_bbp_anonymous_reply_count":0,"_bbp_topic_count_hidden":0,"_bbp_reply_count_hidden":0,"_bbp_forum_subforum_count":0,"footnotes":""},"categories":[1,4],"tags":[57,278,59],"class_list":["post-3368","post","type-post","status-publish","format-standard","hentry","category-general","category-portada","tag-celebracio","tag-curs-2024-2025","tag-dia-de-la-pau"],"post_mailing_queue_ids":[],"_links":{"self":[{"href":"https:\/\/agora.xtec.cat\/escola-torreforta\/wp-json\/wp\/v2\/posts\/3368","targetHints":{"allow":["GET"]}}],"collection":[{"href":"https:\/\/agora.xtec.cat\/escola-torreforta\/wp-json\/wp\/v2\/posts"}],"about":[{"href":"https:\/\/agora.xtec.cat\/escola-torreforta\/wp-json\/wp\/v2\/types\/post"}],"author":[{"embeddable":true,"href":"https:\/\/agora.xtec.cat\/escola-torreforta\/wp-json\/wp\/v2\/users\/1"}],"replies":[{"embeddable":true,"href":"https:\/\/agora.xtec.cat\/escola-torreforta\/wp-json\/wp\/v2\/comments?post=3368"}],"version-history":[{"count":1,"href":"https:\/\/agora.xtec.cat\/escola-torreforta\/wp-json\/wp\/v2\/posts\/3368\/revisions"}],"predecessor-version":[{"id":3371,"href":"https:\/\/agora.xtec.cat\/escola-torreforta\/wp-json\/wp\/v2\/posts\/3368\/revisions\/3371"}],"wp:attachment":[{"href":"https:\/\/agora.xtec.cat\/escola-torreforta\/wp-json\/wp\/v2\/media?parent=3368"}],"wp:term":[{"taxonomy":"category","embeddable":true,"href":"https:\/\/agora.xtec.cat\/escola-torreforta\/wp-json\/wp\/v2\/categories?post=3368"},{"taxonomy":"post_tag","embeddable":true,"href":"https:\/\/agora.xtec.cat\/escola-torreforta\/wp-json\/wp\/v2\/tags?post=3368"}],"curies":[{"name":"wp","href":"https:\/\/api.w.org\/{rel}","templated":true}]}}