{"id":3303,"date":"2024-11-12T19:27:58","date_gmt":"2024-11-12T18:27:58","guid":{"rendered":"https:\/\/agora.xtec.cat\/escola-torreforta\/?p=3303"},"modified":"2024-11-12T19:28:51","modified_gmt":"2024-11-12T18:28:51","slug":"castanyada-2024","status":"publish","type":"post","link":"https:\/\/agora.xtec.cat\/escola-torreforta\/general\/castanyada-2024\/","title":{"rendered":"CASTANYADA 2024"},"content":{"rendered":"<p>El passat 31 d&#8217;octubre vam celebrar la castanyada a l&#8217;Escola Torreforta. Durant el mat\u00ed tots vam anar a veure com torraven castanyes i a la tarda vam ballar danses i cantar can\u00e7ons de Halloween. Tots i totes ens ho vam passar d&#8217;all\u00f2 m\u00e9s b\u00e9!<\/p>\n<p><iframe loading=\"lazy\" src=\"\/\/www.youtube.com\/embed\/aqweyiO6EJs\" width=\"560\" height=\"314\" allowfullscreen=\"allowfullscreen\"><\/iframe><\/p>\n","protected":false},"excerpt":{"rendered":"<p>El passat 31 d&#8217;octubre vam celebrar la castanyada a l&#8217;Escola Torreforta. Durant el mat\u00ed tots vam anar a veure com torraven castanyes i a la tarda vam ballar danses i cantar can\u00e7ons de Halloween. Tots i totes ens ho vam passar d&#8217;all\u00f2 m\u00e9s b\u00e9!<\/p>\n","protected":false},"author":1,"featured_media":0,"comment_status":"open","ping_status":"closed","sticky":false,"template":"","format":"standard","meta":{"_bbp_topic_count":0,"_bbp_reply_count":0,"_bbp_total_topic_count":0,"_bbp_total_reply_count":0,"_bbp_voice_count":0,"_bbp_anonymous_reply_count":0,"_bbp_topic_count_hidden":0,"_bbp_reply_count_hidden":0,"_bbp_forum_subforum_count":0,"footnotes":""},"categories":[1,4],"tags":[58,57,278],"class_list":["post-3303","post","type-post","status-publish","format-standard","hentry","category-general","category-portada","tag-castanyada","tag-celebracio","tag-curs-2024-2025"],"post_mailing_queue_ids":[],"_links":{"self":[{"href":"https:\/\/agora.xtec.cat\/escola-torreforta\/wp-json\/wp\/v2\/posts\/3303","targetHints":{"allow":["GET"]}}],"collection":[{"href":"https:\/\/agora.xtec.cat\/escola-torreforta\/wp-json\/wp\/v2\/posts"}],"about":[{"href":"https:\/\/agora.xtec.cat\/escola-torreforta\/wp-json\/wp\/v2\/types\/post"}],"author":[{"embeddable":true,"href":"https:\/\/agora.xtec.cat\/escola-torreforta\/wp-json\/wp\/v2\/users\/1"}],"replies":[{"embeddable":true,"href":"https:\/\/agora.xtec.cat\/escola-torreforta\/wp-json\/wp\/v2\/comments?post=3303"}],"version-history":[{"count":2,"href":"https:\/\/agora.xtec.cat\/escola-torreforta\/wp-json\/wp\/v2\/posts\/3303\/revisions"}],"predecessor-version":[{"id":3305,"href":"https:\/\/agora.xtec.cat\/escola-torreforta\/wp-json\/wp\/v2\/posts\/3303\/revisions\/3305"}],"wp:attachment":[{"href":"https:\/\/agora.xtec.cat\/escola-torreforta\/wp-json\/wp\/v2\/media?parent=3303"}],"wp:term":[{"taxonomy":"category","embeddable":true,"href":"https:\/\/agora.xtec.cat\/escola-torreforta\/wp-json\/wp\/v2\/categories?post=3303"},{"taxonomy":"post_tag","embeddable":true,"href":"https:\/\/agora.xtec.cat\/escola-torreforta\/wp-json\/wp\/v2\/tags?post=3303"}],"curies":[{"name":"wp","href":"https:\/\/api.w.org\/{rel}","templated":true}]}}