{"id":3196,"date":"2024-06-21T18:27:17","date_gmt":"2024-06-21T16:27:17","guid":{"rendered":"https:\/\/agora.xtec.cat\/escola-torreforta\/?p=3196"},"modified":"2024-06-21T18:29:44","modified_gmt":"2024-06-21T16:29:44","slug":"graduacio-6e","status":"publish","type":"post","link":"https:\/\/agora.xtec.cat\/escola-torreforta\/general\/graduacio-6e\/","title":{"rendered":"Graduaci\u00f3 dels i les alumnes de 6\u00e8"},"content":{"rendered":"<p>El passat dimecres 19 de juny els i les alumnes de 6\u00e8 van celebrar la seva graduaci\u00f3.<\/p>\n<p>Despr\u00e9s d&#8217;unes paraules de la directora i d&#8217;alguns alumnes, van recollir els seus diplomes i van cantar la can\u00e7\u00f3 &#8220;Obre els ulls&#8221;.<\/p>\n<p>Els i les alumnes i les famil\u00edes van recordar amb emoci\u00f3 les amistats dels companys, l&#8217;ensenyan\u00e7a i recolzament dels i les mestres, i de totes les coses apreses des d&#8217;infantil fins a sis\u00e8.<\/p>\n<p>L&#8217;acte va finalitzar amb un ball dels alumnes i un comiat molt emotiu.<\/p>\n<p>Desitgem que tot us vagi molt b\u00e9 en aquesta nova etapa!<\/p>\n<p><a href=\"https:\/\/agora.xtec.cat\/escola-torreforta\/wp-content\/uploads\/usu181\/2024\/06\/foto-6eA.png\"><img loading=\"lazy\" decoding=\"async\" class=\"alignnone wp-image-3197\" src=\"https:\/\/agora.xtec.cat\/escola-torreforta\/wp-content\/uploads\/usu181\/2024\/06\/foto-6eA-1024x768.png\" alt=\"\" width=\"363\" height=\"272\" srcset=\"https:\/\/agora.xtec.cat\/escola-torreforta\/wp-content\/uploads\/usu181\/2024\/06\/foto-6eA-1024x768.png 1024w, https:\/\/agora.xtec.cat\/escola-torreforta\/wp-content\/uploads\/usu181\/2024\/06\/foto-6eA-300x225.png 300w, https:\/\/agora.xtec.cat\/escola-torreforta\/wp-content\/uploads\/usu181\/2024\/06\/foto-6eA-768x576.png 768w, https:\/\/agora.xtec.cat\/escola-torreforta\/wp-content\/uploads\/usu181\/2024\/06\/foto-6eA-200x150.png 200w, https:\/\/agora.xtec.cat\/escola-torreforta\/wp-content\/uploads\/usu181\/2024\/06\/foto-6eA.png 1081w\" sizes=\"auto, (max-width: 363px) 100vw, 363px\" \/> \u00a0<\/a><a href=\"https:\/\/agora.xtec.cat\/escola-torreforta\/wp-content\/uploads\/usu181\/2024\/06\/foto-6eA.png\"><img loading=\"lazy\" decoding=\"async\" class=\"alignnone wp-image-3197\" src=\"https:\/\/agora.xtec.cat\/escola-torreforta\/wp-content\/uploads\/usu181\/2024\/06\/foto-6eA-1024x768.png\" alt=\"\" width=\"362\" height=\"272\" srcset=\"https:\/\/agora.xtec.cat\/escola-torreforta\/wp-content\/uploads\/usu181\/2024\/06\/foto-6eA-1024x768.png 1024w, https:\/\/agora.xtec.cat\/escola-torreforta\/wp-content\/uploads\/usu181\/2024\/06\/foto-6eA-300x225.png 300w, https:\/\/agora.xtec.cat\/escola-torreforta\/wp-content\/uploads\/usu181\/2024\/06\/foto-6eA-768x576.png 768w, https:\/\/agora.xtec.cat\/escola-torreforta\/wp-content\/uploads\/usu181\/2024\/06\/foto-6eA-200x150.png 200w, https:\/\/agora.xtec.cat\/escola-torreforta\/wp-content\/uploads\/usu181\/2024\/06\/foto-6eA.png 1081w\" sizes=\"auto, (max-width: 362px) 100vw, 362px\" \/><\/a><\/p>\n<p><iframe loading=\"lazy\" src=\"\/\/www.youtube.com\/embed\/0N10Pl97Hxk\" width=\"560\" height=\"314\" allowfullscreen=\"allowfullscreen\"><\/iframe><\/p>\n<p>&nbsp;<\/p>\n","protected":false},"excerpt":{"rendered":"<p>El passat dimecres 19 de juny els i les alumnes de 6\u00e8 van celebrar la seva graduaci\u00f3.<br \/>\nDespr\u00e9s d&#8217;unes paraules de la directora i d&#8217;alguns alumnes, van recollir els seus diplomes i van cantar la can\u00e7\u00f3 &#8220;Obre els ulls&#8221;.<br \/>\nEls i les alumnes i les famil\u00edes van&hellip;  <a href=\"https:\/\/agora.xtec.cat\/escola-torreforta\/general\/graduacio-6e\/\" title=\"Read Graduaci\u00f3 dels i les alumnes de 6\u00e8\">Llegeix m\u00e9s\u00bb<\/a><\/p>\n","protected":false},"author":1,"featured_media":0,"comment_status":"open","ping_status":"closed","sticky":false,"template":"","format":"standard","meta":{"_bbp_topic_count":0,"_bbp_reply_count":0,"_bbp_total_topic_count":0,"_bbp_total_reply_count":0,"_bbp_voice_count":0,"_bbp_anonymous_reply_count":0,"_bbp_topic_count_hidden":0,"_bbp_reply_count_hidden":0,"_bbp_forum_subforum_count":0,"footnotes":""},"categories":[1,4],"tags":[224,57,275,270],"class_list":["post-3196","post","type-post","status-publish","format-standard","hentry","category-general","category-portada","tag-6e","tag-celebracio","tag-curs-2023-2024","tag-graduacio"],"post_mailing_queue_ids":[],"_links":{"self":[{"href":"https:\/\/agora.xtec.cat\/escola-torreforta\/wp-json\/wp\/v2\/posts\/3196","targetHints":{"allow":["GET"]}}],"collection":[{"href":"https:\/\/agora.xtec.cat\/escola-torreforta\/wp-json\/wp\/v2\/posts"}],"about":[{"href":"https:\/\/agora.xtec.cat\/escola-torreforta\/wp-json\/wp\/v2\/types\/post"}],"author":[{"embeddable":true,"href":"https:\/\/agora.xtec.cat\/escola-torreforta\/wp-json\/wp\/v2\/users\/1"}],"replies":[{"embeddable":true,"href":"https:\/\/agora.xtec.cat\/escola-torreforta\/wp-json\/wp\/v2\/comments?post=3196"}],"version-history":[{"count":2,"href":"https:\/\/agora.xtec.cat\/escola-torreforta\/wp-json\/wp\/v2\/posts\/3196\/revisions"}],"predecessor-version":[{"id":3199,"href":"https:\/\/agora.xtec.cat\/escola-torreforta\/wp-json\/wp\/v2\/posts\/3196\/revisions\/3199"}],"wp:attachment":[{"href":"https:\/\/agora.xtec.cat\/escola-torreforta\/wp-json\/wp\/v2\/media?parent=3196"}],"wp:term":[{"taxonomy":"category","embeddable":true,"href":"https:\/\/agora.xtec.cat\/escola-torreforta\/wp-json\/wp\/v2\/categories?post=3196"},{"taxonomy":"post_tag","embeddable":true,"href":"https:\/\/agora.xtec.cat\/escola-torreforta\/wp-json\/wp\/v2\/tags?post=3196"}],"curies":[{"name":"wp","href":"https:\/\/api.w.org\/{rel}","templated":true}]}}