{"id":3163,"date":"2024-05-24T18:59:32","date_gmt":"2024-05-24T16:59:32","guid":{"rendered":"https:\/\/agora.xtec.cat\/escola-torreforta\/?p=3163"},"modified":"2024-05-24T19:01:22","modified_gmt":"2024-05-24T17:01:22","slug":"3r-dia-de-colonies-6e","status":"publish","type":"post","link":"https:\/\/agora.xtec.cat\/escola-torreforta\/general\/3r-dia-de-colonies-6e\/","title":{"rendered":"3r dia de col\u00f2nies 6\u00e8"},"content":{"rendered":"<p>Bona tarda fam\u00edlies!!<\/p>\n<p>Us deixem un recull de fotografies de l&#8217;\u00faltim dia de col\u00f2nies. Ens ho hem passat molt b\u00e9 i aquestes imatges ho demostren. Han estat tres dies de conviv\u00e8ncia entre l&#8217;alumnat de 6\u00e8 molt profitosos i fant\u00e0stics!<\/p>\n<p><iframe loading=\"lazy\" title=\"3r DIA DE COL\u00d2NIES_6\u00e8_23_24\" width=\"500\" height=\"375\" src=\"https:\/\/www.youtube.com\/embed\/4UqPVjg8Is8?feature=oembed\" frameborder=\"0\" allow=\"accelerometer; autoplay; clipboard-write; encrypted-media; gyroscope; picture-in-picture; web-share\" referrerpolicy=\"strict-origin-when-cross-origin\" allowfullscreen><\/iframe><\/p>\n","protected":false},"excerpt":{"rendered":"<p>Bona tarda fam\u00edlies!!<br \/>\nUs deixem un recull de fotografies de l&#8217;\u00faltim dia de col\u00f2nies. Ens ho hem passat molt b\u00e9 i aquestes imatges ho demostren. Han estat tres dies de conviv\u00e8ncia entre l&#8217;alumnat de 6\u00e8 molt profitosos i fant\u00e0stics!<\/p>\n","protected":false},"author":1,"featured_media":3164,"comment_status":"open","ping_status":"closed","sticky":false,"template":"","format":"standard","meta":{"_bbp_topic_count":0,"_bbp_reply_count":0,"_bbp_total_topic_count":0,"_bbp_total_reply_count":0,"_bbp_voice_count":0,"_bbp_anonymous_reply_count":0,"_bbp_topic_count_hidden":0,"_bbp_reply_count_hidden":0,"_bbp_forum_subforum_count":0,"footnotes":""},"categories":[1,4],"tags":[224,73,72,275],"class_list":["post-3163","post","type-post","status-publish","format-standard","has-post-thumbnail","hentry","category-general","category-portada","tag-6e","tag-cicle-superior","tag-colonies","tag-curs-2023-2024"],"post_mailing_queue_ids":[],"_links":{"self":[{"href":"https:\/\/agora.xtec.cat\/escola-torreforta\/wp-json\/wp\/v2\/posts\/3163","targetHints":{"allow":["GET"]}}],"collection":[{"href":"https:\/\/agora.xtec.cat\/escola-torreforta\/wp-json\/wp\/v2\/posts"}],"about":[{"href":"https:\/\/agora.xtec.cat\/escola-torreforta\/wp-json\/wp\/v2\/types\/post"}],"author":[{"embeddable":true,"href":"https:\/\/agora.xtec.cat\/escola-torreforta\/wp-json\/wp\/v2\/users\/1"}],"replies":[{"embeddable":true,"href":"https:\/\/agora.xtec.cat\/escola-torreforta\/wp-json\/wp\/v2\/comments?post=3163"}],"version-history":[{"count":2,"href":"https:\/\/agora.xtec.cat\/escola-torreforta\/wp-json\/wp\/v2\/posts\/3163\/revisions"}],"predecessor-version":[{"id":3166,"href":"https:\/\/agora.xtec.cat\/escola-torreforta\/wp-json\/wp\/v2\/posts\/3163\/revisions\/3166"}],"wp:featuredmedia":[{"embeddable":true,"href":"https:\/\/agora.xtec.cat\/escola-torreforta\/wp-json\/wp\/v2\/media\/3164"}],"wp:attachment":[{"href":"https:\/\/agora.xtec.cat\/escola-torreforta\/wp-json\/wp\/v2\/media?parent=3163"}],"wp:term":[{"taxonomy":"category","embeddable":true,"href":"https:\/\/agora.xtec.cat\/escola-torreforta\/wp-json\/wp\/v2\/categories?post=3163"},{"taxonomy":"post_tag","embeddable":true,"href":"https:\/\/agora.xtec.cat\/escola-torreforta\/wp-json\/wp\/v2\/tags?post=3163"}],"curies":[{"name":"wp","href":"https:\/\/api.w.org\/{rel}","templated":true}]}}