{"id":3157,"date":"2024-05-23T00:21:31","date_gmt":"2024-05-22T22:21:31","guid":{"rendered":"https:\/\/agora.xtec.cat\/escola-torreforta\/?p=3157"},"modified":"2024-05-23T00:21:31","modified_gmt":"2024-05-22T22:21:31","slug":"1r-dia-de-colonies-6e-2","status":"publish","type":"post","link":"https:\/\/agora.xtec.cat\/escola-torreforta\/general\/1r-dia-de-colonies-6e-2\/","title":{"rendered":"1r dia de col\u00f2nies 6\u00e8"},"content":{"rendered":"<p>Bona nit fam\u00edlies!!<\/p>\n<p>Ens ho hem passat molt b\u00e9!! Aqu\u00ed us deixem un v\u00eddeo amb un recull de les activitats que hem fet!! Ens hem divertit molt\u00edssim!!<\/p>\n<p><iframe loading=\"lazy\" title=\"1r_DIA DE COL\u00d2NIES_6\u00e8_23_24\" width=\"500\" height=\"375\" src=\"https:\/\/www.youtube.com\/embed\/aM6PTTd4FTU?feature=oembed\" frameborder=\"0\" allow=\"accelerometer; autoplay; clipboard-write; encrypted-media; gyroscope; picture-in-picture; web-share\" referrerpolicy=\"strict-origin-when-cross-origin\" allowfullscreen><\/iframe><\/p>\n","protected":false},"excerpt":{"rendered":"<p>Bona nit fam\u00edlies!!<br \/>\nEns ho hem passat molt b\u00e9!! Aqu\u00ed us deixem un v\u00eddeo amb un recull de les activitats que hem fet!! Ens hem divertit molt\u00edssim!!<\/p>\n","protected":false},"author":5,"featured_media":3158,"comment_status":"open","ping_status":"closed","sticky":false,"template":"","format":"standard","meta":{"_bbp_topic_count":0,"_bbp_reply_count":0,"_bbp_total_topic_count":0,"_bbp_total_reply_count":0,"_bbp_voice_count":0,"_bbp_anonymous_reply_count":0,"_bbp_topic_count_hidden":0,"_bbp_reply_count_hidden":0,"_bbp_forum_subforum_count":0,"footnotes":""},"categories":[1,4],"tags":[224,73,72,275],"class_list":["post-3157","post","type-post","status-publish","format-standard","has-post-thumbnail","hentry","category-general","category-portada","tag-6e","tag-cicle-superior","tag-colonies","tag-curs-2023-2024"],"post_mailing_queue_ids":[],"_links":{"self":[{"href":"https:\/\/agora.xtec.cat\/escola-torreforta\/wp-json\/wp\/v2\/posts\/3157","targetHints":{"allow":["GET"]}}],"collection":[{"href":"https:\/\/agora.xtec.cat\/escola-torreforta\/wp-json\/wp\/v2\/posts"}],"about":[{"href":"https:\/\/agora.xtec.cat\/escola-torreforta\/wp-json\/wp\/v2\/types\/post"}],"author":[{"embeddable":true,"href":"https:\/\/agora.xtec.cat\/escola-torreforta\/wp-json\/wp\/v2\/users\/5"}],"replies":[{"embeddable":true,"href":"https:\/\/agora.xtec.cat\/escola-torreforta\/wp-json\/wp\/v2\/comments?post=3157"}],"version-history":[{"count":1,"href":"https:\/\/agora.xtec.cat\/escola-torreforta\/wp-json\/wp\/v2\/posts\/3157\/revisions"}],"predecessor-version":[{"id":3159,"href":"https:\/\/agora.xtec.cat\/escola-torreforta\/wp-json\/wp\/v2\/posts\/3157\/revisions\/3159"}],"wp:featuredmedia":[{"embeddable":true,"href":"https:\/\/agora.xtec.cat\/escola-torreforta\/wp-json\/wp\/v2\/media\/3158"}],"wp:attachment":[{"href":"https:\/\/agora.xtec.cat\/escola-torreforta\/wp-json\/wp\/v2\/media?parent=3157"}],"wp:term":[{"taxonomy":"category","embeddable":true,"href":"https:\/\/agora.xtec.cat\/escola-torreforta\/wp-json\/wp\/v2\/categories?post=3157"},{"taxonomy":"post_tag","embeddable":true,"href":"https:\/\/agora.xtec.cat\/escola-torreforta\/wp-json\/wp\/v2\/tags?post=3157"}],"curies":[{"name":"wp","href":"https:\/\/api.w.org\/{rel}","templated":true}]}}