{"id":3044,"date":"2024-02-14T07:09:12","date_gmt":"2024-02-14T06:09:12","guid":{"rendered":"https:\/\/agora.xtec.cat\/escola-torreforta\/?p=3044"},"modified":"2024-02-14T07:13:16","modified_gmt":"2024-02-14T06:13:16","slug":"dijous-gras-2","status":"publish","type":"post","link":"https:\/\/agora.xtec.cat\/escola-torreforta\/general\/dijous-gras-2\/","title":{"rendered":"DIJOUS GRAS"},"content":{"rendered":"<p>El dijous 8 de febrer, els alumnes de Cicle Superior han celebrat el Dijous Gras amb les seves fam\u00edlies. Han ballat i despr\u00e9s han menjat tots plegats la truita amb pa amb tom\u00e0quet. Ha estat un dia molt especial.<\/p>\n<p style=\"text-align: center;\"><iframe loading=\"lazy\" src=\"\/\/www.youtube.com\/embed\/hdJrJSx4M5I\" width=\"560\" height=\"314\" allowfullscreen=\"allowfullscreen\"><\/iframe><\/p>\n","protected":false},"excerpt":{"rendered":"<p>El dijous 8 de febrer, els alumnes de Cicle Superior han celebrat el Dijous Gras amb les seves fam\u00edlies. Han ballat i despr\u00e9s han menjat tots plegats la truita amb pa amb tom\u00e0quet. Ha estat un dia molt especial.<\/p>\n","protected":false},"author":1,"featured_media":3046,"comment_status":"open","ping_status":"closed","sticky":false,"template":"","format":"standard","meta":{"_bbp_topic_count":0,"_bbp_reply_count":0,"_bbp_total_topic_count":0,"_bbp_total_reply_count":0,"_bbp_voice_count":0,"_bbp_anonymous_reply_count":0,"_bbp_topic_count_hidden":0,"_bbp_reply_count_hidden":0,"_bbp_forum_subforum_count":0,"footnotes":""},"categories":[1,4],"tags":[87,57,73,275],"class_list":["post-3044","post","type-post","status-publish","format-standard","has-post-thumbnail","hentry","category-general","category-portada","tag-carnestoltes","tag-celebracio","tag-cicle-superior","tag-curs-2023-2024"],"post_mailing_queue_ids":[],"_links":{"self":[{"href":"https:\/\/agora.xtec.cat\/escola-torreforta\/wp-json\/wp\/v2\/posts\/3044","targetHints":{"allow":["GET"]}}],"collection":[{"href":"https:\/\/agora.xtec.cat\/escola-torreforta\/wp-json\/wp\/v2\/posts"}],"about":[{"href":"https:\/\/agora.xtec.cat\/escola-torreforta\/wp-json\/wp\/v2\/types\/post"}],"author":[{"embeddable":true,"href":"https:\/\/agora.xtec.cat\/escola-torreforta\/wp-json\/wp\/v2\/users\/1"}],"replies":[{"embeddable":true,"href":"https:\/\/agora.xtec.cat\/escola-torreforta\/wp-json\/wp\/v2\/comments?post=3044"}],"version-history":[{"count":5,"href":"https:\/\/agora.xtec.cat\/escola-torreforta\/wp-json\/wp\/v2\/posts\/3044\/revisions"}],"predecessor-version":[{"id":3050,"href":"https:\/\/agora.xtec.cat\/escola-torreforta\/wp-json\/wp\/v2\/posts\/3044\/revisions\/3050"}],"wp:featuredmedia":[{"embeddable":true,"href":"https:\/\/agora.xtec.cat\/escola-torreforta\/wp-json\/wp\/v2\/media\/3046"}],"wp:attachment":[{"href":"https:\/\/agora.xtec.cat\/escola-torreforta\/wp-json\/wp\/v2\/media?parent=3044"}],"wp:term":[{"taxonomy":"category","embeddable":true,"href":"https:\/\/agora.xtec.cat\/escola-torreforta\/wp-json\/wp\/v2\/categories?post=3044"},{"taxonomy":"post_tag","embeddable":true,"href":"https:\/\/agora.xtec.cat\/escola-torreforta\/wp-json\/wp\/v2\/tags?post=3044"}],"curies":[{"name":"wp","href":"https:\/\/api.w.org\/{rel}","templated":true}]}}