{"id":2943,"date":"2024-01-30T20:02:48","date_gmt":"2024-01-30T19:02:48","guid":{"rendered":"https:\/\/agora.xtec.cat\/escola-torreforta\/?p=2943"},"modified":"2024-01-30T20:02:48","modified_gmt":"2024-01-30T19:02:48","slug":"dia-de-la-pau-2","status":"publish","type":"post","link":"https:\/\/agora.xtec.cat\/escola-torreforta\/general\/dia-de-la-pau-2\/","title":{"rendered":"Dia de la Pau"},"content":{"rendered":"<p>El 30 de gener \u00e9s el Dia Escolar de la No-viol\u00e8ncia i la Pau, i \u00e9s per aix\u00f2 que els alumnes d\u2019Educaci\u00f3 Infantil i Prim\u00e0ria ens hem sortit\u00a0 al pati per celebrar-ho i per cantar la can\u00e7\u00f3 &#8220;Segle XXI&#8221; de Gossos.<\/p>\n<p style=\"text-align: center;\"><strong><em>Aprendre a resoldre els nostres conflictes sense viol\u00e8ncia constitueix un cam\u00ed que ens acosta a la Pau.<\/em><\/strong><\/p>\n<p style=\"text-align: center;\"><strong><em>LA PAU LA CONSTRU\u00cfM ENTRE TOTS\u00a0<\/em><\/strong><\/p>\n<p style=\"text-align: center;\">\u00a0<iframe loading=\"lazy\" src=\"\/\/www.youtube.com\/embed\/zrn7ZLCRaj8\" width=\"560\" height=\"314\" allowfullscreen=\"allowfullscreen\"><\/iframe><\/p>\n","protected":false},"excerpt":{"rendered":"<p>El 30 de gener \u00e9s el Dia Escolar de la No-viol\u00e8ncia i la Pau, i \u00e9s per aix\u00f2 que els alumnes d\u2019Educaci\u00f3 Infantil i Prim\u00e0ria ens hem sortit\u00a0 al pati per celebrar-ho i per cantar la can\u00e7\u00f3 &#8220;Segle XXI&#8221; de Gossos.<br \/>\nAprendre a resoldre els nostres&hellip;  <a href=\"https:\/\/agora.xtec.cat\/escola-torreforta\/general\/dia-de-la-pau-2\/\" title=\"Read Dia de la Pau\">Llegeix m\u00e9s\u00bb<\/a><\/p>\n","protected":false},"author":1,"featured_media":2946,"comment_status":"open","ping_status":"closed","sticky":false,"template":"","format":"standard","meta":{"_bbp_topic_count":0,"_bbp_reply_count":0,"_bbp_total_topic_count":0,"_bbp_total_reply_count":0,"_bbp_voice_count":0,"_bbp_anonymous_reply_count":0,"_bbp_topic_count_hidden":0,"_bbp_reply_count_hidden":0,"_bbp_forum_subforum_count":0,"footnotes":""},"categories":[1,4],"tags":[57,275,59],"class_list":["post-2943","post","type-post","status-publish","format-standard","has-post-thumbnail","hentry","category-general","category-portada","tag-celebracio","tag-curs-2023-2024","tag-dia-de-la-pau"],"post_mailing_queue_ids":[],"_links":{"self":[{"href":"https:\/\/agora.xtec.cat\/escola-torreforta\/wp-json\/wp\/v2\/posts\/2943","targetHints":{"allow":["GET"]}}],"collection":[{"href":"https:\/\/agora.xtec.cat\/escola-torreforta\/wp-json\/wp\/v2\/posts"}],"about":[{"href":"https:\/\/agora.xtec.cat\/escola-torreforta\/wp-json\/wp\/v2\/types\/post"}],"author":[{"embeddable":true,"href":"https:\/\/agora.xtec.cat\/escola-torreforta\/wp-json\/wp\/v2\/users\/1"}],"replies":[{"embeddable":true,"href":"https:\/\/agora.xtec.cat\/escola-torreforta\/wp-json\/wp\/v2\/comments?post=2943"}],"version-history":[{"count":2,"href":"https:\/\/agora.xtec.cat\/escola-torreforta\/wp-json\/wp\/v2\/posts\/2943\/revisions"}],"predecessor-version":[{"id":2945,"href":"https:\/\/agora.xtec.cat\/escola-torreforta\/wp-json\/wp\/v2\/posts\/2943\/revisions\/2945"}],"wp:featuredmedia":[{"embeddable":true,"href":"https:\/\/agora.xtec.cat\/escola-torreforta\/wp-json\/wp\/v2\/media\/2946"}],"wp:attachment":[{"href":"https:\/\/agora.xtec.cat\/escola-torreforta\/wp-json\/wp\/v2\/media?parent=2943"}],"wp:term":[{"taxonomy":"category","embeddable":true,"href":"https:\/\/agora.xtec.cat\/escola-torreforta\/wp-json\/wp\/v2\/categories?post=2943"},{"taxonomy":"post_tag","embeddable":true,"href":"https:\/\/agora.xtec.cat\/escola-torreforta\/wp-json\/wp\/v2\/tags?post=2943"}],"curies":[{"name":"wp","href":"https:\/\/api.w.org\/{rel}","templated":true}]}}