{"id":2879,"date":"2023-11-07T15:59:13","date_gmt":"2023-11-07T14:59:13","guid":{"rendered":"https:\/\/agora.xtec.cat\/escola-torreforta\/?p=2879"},"modified":"2023-11-07T16:00:45","modified_gmt":"2023-11-07T15:00:45","slug":"castanyada-2023","status":"publish","type":"post","link":"https:\/\/agora.xtec.cat\/escola-torreforta\/general\/castanyada-2023\/","title":{"rendered":"Castanyada 2023"},"content":{"rendered":"<p>El passat 31 d&#8217;octubre vam celebrar la castanyada a l&#8217;escola Torreforta. Al mat\u00ed vam veure com torraven castanyes i a la tarda vam ballar danses i cantar can\u00e7ons de Halloween. Ens ho vam passar d&#8217;all\u00f2 m\u00e9s b\u00e9!<\/p>\n<p><iframe loading=\"lazy\" src=\"\/\/www.youtube.com\/embed\/zAEU4BpFVFQ\" width=\"560\" height=\"314\" allowfullscreen=\"allowfullscreen\"><\/iframe><\/p>\n","protected":false},"excerpt":{"rendered":"<p>El passat 31 d&#8217;octubre vam celebrar la castanyada a l&#8217;escola Torreforta. Al mat\u00ed vam veure com torraven castanyes i a la tarda vam ballar danses i cantar can\u00e7ons de Halloween. Ens ho vam passar d&#8217;all\u00f2 m\u00e9s b\u00e9!<\/p>\n","protected":false},"author":1,"featured_media":2880,"comment_status":"open","ping_status":"closed","sticky":false,"template":"","format":"standard","meta":{"_bbp_topic_count":0,"_bbp_reply_count":0,"_bbp_total_topic_count":0,"_bbp_total_reply_count":0,"_bbp_voice_count":0,"_bbp_anonymous_reply_count":0,"_bbp_topic_count_hidden":0,"_bbp_reply_count_hidden":0,"_bbp_forum_subforum_count":0,"footnotes":""},"categories":[1,4],"tags":[58,57,275],"class_list":["post-2879","post","type-post","status-publish","format-standard","has-post-thumbnail","hentry","category-general","category-portada","tag-castanyada","tag-celebracio","tag-curs-2023-2024"],"post_mailing_queue_ids":[],"_links":{"self":[{"href":"https:\/\/agora.xtec.cat\/escola-torreforta\/wp-json\/wp\/v2\/posts\/2879","targetHints":{"allow":["GET"]}}],"collection":[{"href":"https:\/\/agora.xtec.cat\/escola-torreforta\/wp-json\/wp\/v2\/posts"}],"about":[{"href":"https:\/\/agora.xtec.cat\/escola-torreforta\/wp-json\/wp\/v2\/types\/post"}],"author":[{"embeddable":true,"href":"https:\/\/agora.xtec.cat\/escola-torreforta\/wp-json\/wp\/v2\/users\/1"}],"replies":[{"embeddable":true,"href":"https:\/\/agora.xtec.cat\/escola-torreforta\/wp-json\/wp\/v2\/comments?post=2879"}],"version-history":[{"count":1,"href":"https:\/\/agora.xtec.cat\/escola-torreforta\/wp-json\/wp\/v2\/posts\/2879\/revisions"}],"predecessor-version":[{"id":2881,"href":"https:\/\/agora.xtec.cat\/escola-torreforta\/wp-json\/wp\/v2\/posts\/2879\/revisions\/2881"}],"wp:featuredmedia":[{"embeddable":true,"href":"https:\/\/agora.xtec.cat\/escola-torreforta\/wp-json\/wp\/v2\/media\/2880"}],"wp:attachment":[{"href":"https:\/\/agora.xtec.cat\/escola-torreforta\/wp-json\/wp\/v2\/media?parent=2879"}],"wp:term":[{"taxonomy":"category","embeddable":true,"href":"https:\/\/agora.xtec.cat\/escola-torreforta\/wp-json\/wp\/v2\/categories?post=2879"},{"taxonomy":"post_tag","embeddable":true,"href":"https:\/\/agora.xtec.cat\/escola-torreforta\/wp-json\/wp\/v2\/tags?post=2879"}],"curies":[{"name":"wp","href":"https:\/\/api.w.org\/{rel}","templated":true}]}}