{"id":2761,"date":"2023-04-28T16:45:29","date_gmt":"2023-04-28T14:45:29","guid":{"rendered":"https:\/\/agora.xtec.cat\/escola-torreforta\/?p=2761"},"modified":"2023-04-28T16:45:29","modified_gmt":"2023-04-28T14:45:29","slug":"ultim-dia-de-colonies-6e","status":"publish","type":"post","link":"https:\/\/agora.xtec.cat\/escola-torreforta\/general\/ultim-dia-de-colonies-6e\/","title":{"rendered":"\u00daltim dia de col\u00f2nies 6\u00e8"},"content":{"rendered":"<p>Bona tarda fam\u00edlies!!<\/p>\n<p>Ja hem tornat de les col\u00f2nies! Ha estat una aventura i una experi\u00e8ncia inolvidable. Ens ho hem passat s\u00faper b\u00e9!! Aqu\u00ed us deixem un recull de l&#8217;\u00faltim dia de col\u00f2nies. Esperem que us agradi!!<\/p>\n<p>&nbsp;<\/p>\n<p><iframe loading=\"lazy\" title=\"\u00daLTIM DIA DE COL\u00d2NIES 6\u00e8\" width=\"500\" height=\"375\" src=\"https:\/\/www.youtube.com\/embed\/2TGYqhodBKw?feature=oembed\" frameborder=\"0\" allow=\"accelerometer; autoplay; clipboard-write; encrypted-media; gyroscope; picture-in-picture; web-share\" referrerpolicy=\"strict-origin-when-cross-origin\" allowfullscreen><\/iframe><\/p>\n","protected":false},"excerpt":{"rendered":"<p>Bona tarda fam\u00edlies!!<br \/>\nJa hem tornat de les col\u00f2nies! Ha estat una aventura i una experi\u00e8ncia inolvidable. Ens ho hem passat s\u00faper b\u00e9!! Aqu\u00ed us deixem un recull de l&#8217;\u00faltim dia de col\u00f2nies. Esperem que us agradi!!<br \/>\n&nbsp;<\/p>\n","protected":false},"author":1,"featured_media":2762,"comment_status":"open","ping_status":"closed","sticky":false,"template":"","format":"standard","meta":{"_bbp_topic_count":0,"_bbp_reply_count":0,"_bbp_total_topic_count":0,"_bbp_total_reply_count":0,"_bbp_voice_count":0,"_bbp_anonymous_reply_count":0,"_bbp_topic_count_hidden":0,"_bbp_reply_count_hidden":0,"_bbp_forum_subforum_count":0,"footnotes":""},"categories":[1,4],"tags":[],"class_list":["post-2761","post","type-post","status-publish","format-standard","has-post-thumbnail","hentry","category-general","category-portada"],"post_mailing_queue_ids":[],"_links":{"self":[{"href":"https:\/\/agora.xtec.cat\/escola-torreforta\/wp-json\/wp\/v2\/posts\/2761","targetHints":{"allow":["GET"]}}],"collection":[{"href":"https:\/\/agora.xtec.cat\/escola-torreforta\/wp-json\/wp\/v2\/posts"}],"about":[{"href":"https:\/\/agora.xtec.cat\/escola-torreforta\/wp-json\/wp\/v2\/types\/post"}],"author":[{"embeddable":true,"href":"https:\/\/agora.xtec.cat\/escola-torreforta\/wp-json\/wp\/v2\/users\/1"}],"replies":[{"embeddable":true,"href":"https:\/\/agora.xtec.cat\/escola-torreforta\/wp-json\/wp\/v2\/comments?post=2761"}],"version-history":[{"count":1,"href":"https:\/\/agora.xtec.cat\/escola-torreforta\/wp-json\/wp\/v2\/posts\/2761\/revisions"}],"predecessor-version":[{"id":2763,"href":"https:\/\/agora.xtec.cat\/escola-torreforta\/wp-json\/wp\/v2\/posts\/2761\/revisions\/2763"}],"wp:featuredmedia":[{"embeddable":true,"href":"https:\/\/agora.xtec.cat\/escola-torreforta\/wp-json\/wp\/v2\/media\/2762"}],"wp:attachment":[{"href":"https:\/\/agora.xtec.cat\/escola-torreforta\/wp-json\/wp\/v2\/media?parent=2761"}],"wp:term":[{"taxonomy":"category","embeddable":true,"href":"https:\/\/agora.xtec.cat\/escola-torreforta\/wp-json\/wp\/v2\/categories?post=2761"},{"taxonomy":"post_tag","embeddable":true,"href":"https:\/\/agora.xtec.cat\/escola-torreforta\/wp-json\/wp\/v2\/tags?post=2761"}],"curies":[{"name":"wp","href":"https:\/\/api.w.org\/{rel}","templated":true}]}}