{"id":2756,"date":"2023-04-28T02:27:02","date_gmt":"2023-04-28T00:27:02","guid":{"rendered":"https:\/\/agora.xtec.cat\/escola-torreforta\/?p=2756"},"modified":"2023-04-28T02:27:02","modified_gmt":"2023-04-28T00:27:02","slug":"2on-dia-de-colonies-6e","status":"publish","type":"post","link":"https:\/\/agora.xtec.cat\/escola-torreforta\/general\/2on-dia-de-colonies-6e\/","title":{"rendered":"2on Dia de col\u00f2nies 6\u00e8"},"content":{"rendered":"<p>Bona nit fam\u00edlies!<\/p>\n<p>Avui hem gaudit molt\u00edssim de la casa de col\u00f2nies i de les activitats proposades. Estem molt contents!! Us deixem un v\u00eddeo on podeu veure que estem gaudint molt\u00edssim de l&#8217;experi\u00e8ncia.<\/p>\n<p><iframe loading=\"lazy\" title=\"2on DIA DE COL\u00d2NIES 6\u00e8\" width=\"500\" height=\"375\" src=\"https:\/\/www.youtube.com\/embed\/fKnf1m6PoEA?feature=oembed\" frameborder=\"0\" allow=\"accelerometer; autoplay; clipboard-write; encrypted-media; gyroscope; picture-in-picture; web-share\" referrerpolicy=\"strict-origin-when-cross-origin\" allowfullscreen><\/iframe><\/p>\n","protected":false},"excerpt":{"rendered":"<p>Bona nit fam\u00edlies!<br \/>\nAvui hem gaudit molt\u00edssim de la casa de col\u00f2nies i de les activitats proposades. Estem molt contents!! Us deixem un v\u00eddeo on podeu veure que estem gaudint molt\u00edssim de l&#8217;experi\u00e8ncia.<\/p>\n","protected":false},"author":1,"featured_media":2757,"comment_status":"open","ping_status":"closed","sticky":false,"template":"","format":"standard","meta":{"_bbp_topic_count":0,"_bbp_reply_count":0,"_bbp_total_topic_count":0,"_bbp_total_reply_count":0,"_bbp_voice_count":0,"_bbp_anonymous_reply_count":0,"_bbp_topic_count_hidden":0,"_bbp_reply_count_hidden":0,"_bbp_forum_subforum_count":0,"footnotes":""},"categories":[1,4],"tags":[224,73,72,265],"class_list":["post-2756","post","type-post","status-publish","format-standard","has-post-thumbnail","hentry","category-general","category-portada","tag-6e","tag-cicle-superior","tag-colonies","tag-curs-2022-2023"],"post_mailing_queue_ids":[],"_links":{"self":[{"href":"https:\/\/agora.xtec.cat\/escola-torreforta\/wp-json\/wp\/v2\/posts\/2756","targetHints":{"allow":["GET"]}}],"collection":[{"href":"https:\/\/agora.xtec.cat\/escola-torreforta\/wp-json\/wp\/v2\/posts"}],"about":[{"href":"https:\/\/agora.xtec.cat\/escola-torreforta\/wp-json\/wp\/v2\/types\/post"}],"author":[{"embeddable":true,"href":"https:\/\/agora.xtec.cat\/escola-torreforta\/wp-json\/wp\/v2\/users\/1"}],"replies":[{"embeddable":true,"href":"https:\/\/agora.xtec.cat\/escola-torreforta\/wp-json\/wp\/v2\/comments?post=2756"}],"version-history":[{"count":1,"href":"https:\/\/agora.xtec.cat\/escola-torreforta\/wp-json\/wp\/v2\/posts\/2756\/revisions"}],"predecessor-version":[{"id":2758,"href":"https:\/\/agora.xtec.cat\/escola-torreforta\/wp-json\/wp\/v2\/posts\/2756\/revisions\/2758"}],"wp:featuredmedia":[{"embeddable":true,"href":"https:\/\/agora.xtec.cat\/escola-torreforta\/wp-json\/wp\/v2\/media\/2757"}],"wp:attachment":[{"href":"https:\/\/agora.xtec.cat\/escola-torreforta\/wp-json\/wp\/v2\/media?parent=2756"}],"wp:term":[{"taxonomy":"category","embeddable":true,"href":"https:\/\/agora.xtec.cat\/escola-torreforta\/wp-json\/wp\/v2\/categories?post=2756"},{"taxonomy":"post_tag","embeddable":true,"href":"https:\/\/agora.xtec.cat\/escola-torreforta\/wp-json\/wp\/v2\/tags?post=2756"}],"curies":[{"name":"wp","href":"https:\/\/api.w.org\/{rel}","templated":true}]}}