{"id":2636,"date":"2023-02-17T12:17:35","date_gmt":"2023-02-17T11:17:35","guid":{"rendered":"https:\/\/agora.xtec.cat\/escola-torreforta\/?p=2636"},"modified":"2023-02-17T12:20:36","modified_gmt":"2023-02-17T11:20:36","slug":"dijous-gras","status":"publish","type":"post","link":"https:\/\/agora.xtec.cat\/escola-torreforta\/general\/dijous-gras\/","title":{"rendered":"Dijous Gras"},"content":{"rendered":"<p>Aquest dijous, 16 de febrer, els alumnes de Cicle Superior han celebrat el Dijous Gras amb les seves fam\u00edlies. Han ballat i despr\u00e9s han menjat tots plegats la truita amb pa amb tom\u00e0quet. Ha estat un dia molt especial.<\/p>\n<p><iframe loading=\"lazy\" src=\"\/\/www.youtube.com\/embed\/aOm-KYyC2QE\" width=\"280\" height=\"157\" allowfullscreen=\"allowfullscreen\"><\/iframe>\u00a0 <iframe loading=\"lazy\" src=\"\/\/www.youtube.com\/embed\/Ag8t6tZdqCU\" width=\"280\" height=\"157\" allowfullscreen=\"allowfullscreen\"><\/iframe><\/p>\n<p><iframe loading=\"lazy\" src=\"\/\/www.youtube.com\/embed\/2gJeRDrAUH4\" width=\"280\" height=\"157\" allowfullscreen=\"allowfullscreen\"><\/iframe>\u00a0\u00a0<iframe loading=\"lazy\" src=\"\/\/www.youtube.com\/embed\/96XAUNcZm5E\" width=\"280\" height=\"157\" allowfullscreen=\"allowfullscreen\"><\/iframe><\/p>\n","protected":false},"excerpt":{"rendered":"<p>Aquest dijous, 16 de febrer, els alumnes de Cicle Superior han celebrat el Dijous Gras amb les seves fam\u00edlies. Han ballat i despr\u00e9s han menjat tots plegats la truita amb pa amb tom\u00e0quet. Ha estat un dia molt especial.<br \/>\n\u00a0<br \/>\n\u00a0\u00a0<\/p>\n","protected":false},"author":1,"featured_media":0,"comment_status":"open","ping_status":"closed","sticky":false,"template":"","format":"standard","meta":{"_bbp_topic_count":0,"_bbp_reply_count":0,"_bbp_total_topic_count":0,"_bbp_total_reply_count":0,"_bbp_voice_count":0,"_bbp_anonymous_reply_count":0,"_bbp_topic_count_hidden":0,"_bbp_reply_count_hidden":0,"_bbp_forum_subforum_count":0,"footnotes":""},"categories":[1,4],"tags":[87,265,61],"class_list":["post-2636","post","type-post","status-publish","format-standard","hentry","category-general","category-portada","tag-carnestoltes","tag-curs-2022-2023","tag-festival"],"post_mailing_queue_ids":[],"_links":{"self":[{"href":"https:\/\/agora.xtec.cat\/escola-torreforta\/wp-json\/wp\/v2\/posts\/2636","targetHints":{"allow":["GET"]}}],"collection":[{"href":"https:\/\/agora.xtec.cat\/escola-torreforta\/wp-json\/wp\/v2\/posts"}],"about":[{"href":"https:\/\/agora.xtec.cat\/escola-torreforta\/wp-json\/wp\/v2\/types\/post"}],"author":[{"embeddable":true,"href":"https:\/\/agora.xtec.cat\/escola-torreforta\/wp-json\/wp\/v2\/users\/1"}],"replies":[{"embeddable":true,"href":"https:\/\/agora.xtec.cat\/escola-torreforta\/wp-json\/wp\/v2\/comments?post=2636"}],"version-history":[{"count":2,"href":"https:\/\/agora.xtec.cat\/escola-torreforta\/wp-json\/wp\/v2\/posts\/2636\/revisions"}],"predecessor-version":[{"id":2638,"href":"https:\/\/agora.xtec.cat\/escola-torreforta\/wp-json\/wp\/v2\/posts\/2636\/revisions\/2638"}],"wp:attachment":[{"href":"https:\/\/agora.xtec.cat\/escola-torreforta\/wp-json\/wp\/v2\/media?parent=2636"}],"wp:term":[{"taxonomy":"category","embeddable":true,"href":"https:\/\/agora.xtec.cat\/escola-torreforta\/wp-json\/wp\/v2\/categories?post=2636"},{"taxonomy":"post_tag","embeddable":true,"href":"https:\/\/agora.xtec.cat\/escola-torreforta\/wp-json\/wp\/v2\/tags?post=2636"}],"curies":[{"name":"wp","href":"https:\/\/api.w.org\/{rel}","templated":true}]}}