{"id":2625,"date":"2023-01-30T19:49:08","date_gmt":"2023-01-30T18:49:08","guid":{"rendered":"https:\/\/agora.xtec.cat\/escola-torreforta\/?p=2625"},"modified":"2023-01-30T19:49:08","modified_gmt":"2023-01-30T18:49:08","slug":"dia-de-la-pau-2023","status":"publish","type":"post","link":"https:\/\/agora.xtec.cat\/escola-torreforta\/portada\/dia-de-la-pau-2023\/","title":{"rendered":"Dia de la Pau 2023"},"content":{"rendered":"<p>Avui els i les alumnes de l&#8217;Escola Torreforta hem celebrat el Dia de la Pau i la no viol\u00e8ncia. Al mat\u00ed ens hem reunit al pati, hem parlat del dia que es celebra i hem cantat la can\u00e7\u00f3 &#8220;Vict\u00f2ria&#8221;.<\/p>\n<p><iframe loading=\"lazy\" src=\"\/\/www.youtube.com\/embed\/_DekTz-zLOs\" width=\"560\" height=\"314\" allowfullscreen=\"allowfullscreen\"><\/iframe><\/p>\n","protected":false},"excerpt":{"rendered":"<p>Avui els i les alumnes de l&#8217;Escola Torreforta hem celebrat el Dia de la Pau i la no viol\u00e8ncia. Al mat\u00ed ens hem reunit al pati, hem parlat del dia que es celebra i hem cantat la can\u00e7\u00f3 &#8220;Vict\u00f2ria&#8221;.<\/p>\n","protected":false},"author":1,"featured_media":2628,"comment_status":"open","ping_status":"closed","sticky":false,"template":"","format":"standard","meta":{"_bbp_topic_count":0,"_bbp_reply_count":0,"_bbp_total_topic_count":0,"_bbp_total_reply_count":0,"_bbp_voice_count":0,"_bbp_anonymous_reply_count":0,"_bbp_topic_count_hidden":0,"_bbp_reply_count_hidden":0,"_bbp_forum_subforum_count":0,"footnotes":""},"categories":[4],"tags":[57,265,59],"class_list":["post-2625","post","type-post","status-publish","format-standard","has-post-thumbnail","hentry","category-portada","tag-celebracio","tag-curs-2022-2023","tag-dia-de-la-pau"],"post_mailing_queue_ids":[],"_links":{"self":[{"href":"https:\/\/agora.xtec.cat\/escola-torreforta\/wp-json\/wp\/v2\/posts\/2625","targetHints":{"allow":["GET"]}}],"collection":[{"href":"https:\/\/agora.xtec.cat\/escola-torreforta\/wp-json\/wp\/v2\/posts"}],"about":[{"href":"https:\/\/agora.xtec.cat\/escola-torreforta\/wp-json\/wp\/v2\/types\/post"}],"author":[{"embeddable":true,"href":"https:\/\/agora.xtec.cat\/escola-torreforta\/wp-json\/wp\/v2\/users\/1"}],"replies":[{"embeddable":true,"href":"https:\/\/agora.xtec.cat\/escola-torreforta\/wp-json\/wp\/v2\/comments?post=2625"}],"version-history":[{"count":2,"href":"https:\/\/agora.xtec.cat\/escola-torreforta\/wp-json\/wp\/v2\/posts\/2625\/revisions"}],"predecessor-version":[{"id":2627,"href":"https:\/\/agora.xtec.cat\/escola-torreforta\/wp-json\/wp\/v2\/posts\/2625\/revisions\/2627"}],"wp:featuredmedia":[{"embeddable":true,"href":"https:\/\/agora.xtec.cat\/escola-torreforta\/wp-json\/wp\/v2\/media\/2628"}],"wp:attachment":[{"href":"https:\/\/agora.xtec.cat\/escola-torreforta\/wp-json\/wp\/v2\/media?parent=2625"}],"wp:term":[{"taxonomy":"category","embeddable":true,"href":"https:\/\/agora.xtec.cat\/escola-torreforta\/wp-json\/wp\/v2\/categories?post=2625"},{"taxonomy":"post_tag","embeddable":true,"href":"https:\/\/agora.xtec.cat\/escola-torreforta\/wp-json\/wp\/v2\/tags?post=2625"}],"curies":[{"name":"wp","href":"https:\/\/api.w.org\/{rel}","templated":true}]}}