{"id":2576,"date":"2022-12-12T17:57:44","date_gmt":"2022-12-12T16:57:44","guid":{"rendered":"https:\/\/agora.xtec.cat\/escola-torreforta\/?p=2576"},"modified":"2022-12-23T14:11:22","modified_gmt":"2022-12-23T13:11:22","slug":"cantada-de-nadales","status":"publish","type":"post","link":"https:\/\/agora.xtec.cat\/escola-torreforta\/general\/cantada-de-nadales\/","title":{"rendered":"Cantada de nadales"},"content":{"rendered":"<p>El proper divendres 16 de desembre, els alumnes de 3r de l&#8217;Escola Torreforta faran una cantada de nadales a la Pla\u00e7a del Tarragon\u00e8s, al costat del Centre C\u00edvic. Us esperem a tots!<\/p>\n<p><a href=\"https:\/\/agora.xtec.cat\/escola-torreforta\/wp-content\/uploads\/usu181\/2022\/12\/Captura.png\"><img loading=\"lazy\" decoding=\"async\" class=\"size-full wp-image-2567 aligncenter\" src=\"https:\/\/agora.xtec.cat\/escola-torreforta\/wp-content\/uploads\/usu181\/2022\/12\/Captura.png\" alt=\"\" width=\"411\" height=\"582\" srcset=\"https:\/\/agora.xtec.cat\/escola-torreforta\/wp-content\/uploads\/usu181\/2022\/12\/Captura.png 411w, https:\/\/agora.xtec.cat\/escola-torreforta\/wp-content\/uploads\/usu181\/2022\/12\/Captura-212x300.png 212w\" sizes=\"auto, (max-width: 411px) 100vw, 411px\" \/><\/a><\/p>\n<p><a href=\"https:\/\/www.diaridetarragona.com\/tarragona\/el-espiritu-navideno-se-apodera-de-torreforta-IB13308231\">https:\/\/www.diaridetarragona.com\/tarragona\/el-espiritu-navideno-se-apodera-de-torreforta-IB13308231<\/a><\/p>\n","protected":false},"excerpt":{"rendered":"<p>El proper divendres 16 de desembre, els alumnes de 3r de l&#8217;Escola Torreforta faran una cantada de nadales a la Pla\u00e7a del Tarragon\u00e8s, al costat del Centre C\u00edvic. Us esperem a tots!<br \/>\n<a href=\"https:\/\/agora.xtec.cat\/escola-torreforta\/wp-content\/uploads\/usu181\/2022\/12\/Captura.png\"><\/a><br \/>\n<a href=\"https:\/\/www.diaridetarragona.com\/tarragona\/el-espiritu-navideno-se-apodera-de-torreforta-IB13308231\">https:\/\/www.diaridetarragona.com\/tarragona\/el-espiritu-navideno-se-apodera-de-torreforta-IB13308231<\/a><\/p>\n","protected":false},"author":1,"featured_media":0,"comment_status":"open","ping_status":"closed","sticky":false,"template":"","format":"standard","meta":{"_bbp_topic_count":0,"_bbp_reply_count":0,"_bbp_total_topic_count":0,"_bbp_total_reply_count":0,"_bbp_voice_count":0,"_bbp_anonymous_reply_count":0,"_bbp_topic_count_hidden":0,"_bbp_reply_count_hidden":0,"_bbp_forum_subforum_count":0,"footnotes":""},"categories":[1,4],"tags":[56,79,265,60],"class_list":["post-2576","post","type-post","status-publish","format-standard","hentry","category-general","category-portada","tag-activitats","tag-cicle-mitja","tag-curs-2022-2023","tag-nadal"],"post_mailing_queue_ids":[],"_links":{"self":[{"href":"https:\/\/agora.xtec.cat\/escola-torreforta\/wp-json\/wp\/v2\/posts\/2576","targetHints":{"allow":["GET"]}}],"collection":[{"href":"https:\/\/agora.xtec.cat\/escola-torreforta\/wp-json\/wp\/v2\/posts"}],"about":[{"href":"https:\/\/agora.xtec.cat\/escola-torreforta\/wp-json\/wp\/v2\/types\/post"}],"author":[{"embeddable":true,"href":"https:\/\/agora.xtec.cat\/escola-torreforta\/wp-json\/wp\/v2\/users\/1"}],"replies":[{"embeddable":true,"href":"https:\/\/agora.xtec.cat\/escola-torreforta\/wp-json\/wp\/v2\/comments?post=2576"}],"version-history":[{"count":3,"href":"https:\/\/agora.xtec.cat\/escola-torreforta\/wp-json\/wp\/v2\/posts\/2576\/revisions"}],"predecessor-version":[{"id":2601,"href":"https:\/\/agora.xtec.cat\/escola-torreforta\/wp-json\/wp\/v2\/posts\/2576\/revisions\/2601"}],"wp:attachment":[{"href":"https:\/\/agora.xtec.cat\/escola-torreforta\/wp-json\/wp\/v2\/media?parent=2576"}],"wp:term":[{"taxonomy":"category","embeddable":true,"href":"https:\/\/agora.xtec.cat\/escola-torreforta\/wp-json\/wp\/v2\/categories?post=2576"},{"taxonomy":"post_tag","embeddable":true,"href":"https:\/\/agora.xtec.cat\/escola-torreforta\/wp-json\/wp\/v2\/tags?post=2576"}],"curies":[{"name":"wp","href":"https:\/\/api.w.org\/{rel}","templated":true}]}}