{"id":2548,"date":"2022-12-05T16:20:02","date_gmt":"2022-12-05T15:20:02","guid":{"rendered":"https:\/\/agora.xtec.cat\/escola-torreforta\/?p=2548"},"modified":"2022-12-05T16:23:06","modified_gmt":"2022-12-05T15:23:06","slug":"castanyada-2022-2023","status":"publish","type":"post","link":"https:\/\/agora.xtec.cat\/escola-torreforta\/general\/castanyada-2022-2023\/","title":{"rendered":"CASTANYADA 2022-2023"},"content":{"rendered":"<p><iframe loading=\"lazy\" src=\"\/\/www.youtube.com\/embed\/ZDBBgw0ZkLk\" width=\"560\" height=\"314\" allowfullscreen=\"allowfullscreen\"><\/iframe><\/p>\n<p>El passat 28 d&#8217;octubre vam celebrar la castanyada a l&#8217;escola Torreforta. Al mat\u00ed vam veure com torraven castanyes i a la tarda vam ballar danses i cantar can\u00e7ons de Halloween. Ens ho vam passar d&#8217;all\u00f2 m\u00e9s b\u00e9!<\/p>\n","protected":false},"excerpt":{"rendered":"<p>El passat 28 d&#8217;octubre vam celebrar la castanyada a l&#8217;escola Torreforta. Al mat\u00ed vam veure com torraven castanyes i a la tarda vam ballar danses i cantar can\u00e7ons de Halloween. Ens ho vam passar d&#8217;all\u00f2 m\u00e9s b\u00e9!<\/p>\n","protected":false},"author":1,"featured_media":2556,"comment_status":"open","ping_status":"closed","sticky":false,"template":"","format":"standard","meta":{"_bbp_topic_count":0,"_bbp_reply_count":0,"_bbp_total_topic_count":0,"_bbp_total_reply_count":0,"_bbp_voice_count":0,"_bbp_anonymous_reply_count":0,"_bbp_topic_count_hidden":0,"_bbp_reply_count_hidden":0,"_bbp_forum_subforum_count":0,"footnotes":""},"categories":[1,4],"tags":[58,57,265],"class_list":["post-2548","post","type-post","status-publish","format-standard","has-post-thumbnail","hentry","category-general","category-portada","tag-castanyada","tag-celebracio","tag-curs-2022-2023"],"post_mailing_queue_ids":[],"_links":{"self":[{"href":"https:\/\/agora.xtec.cat\/escola-torreforta\/wp-json\/wp\/v2\/posts\/2548","targetHints":{"allow":["GET"]}}],"collection":[{"href":"https:\/\/agora.xtec.cat\/escola-torreforta\/wp-json\/wp\/v2\/posts"}],"about":[{"href":"https:\/\/agora.xtec.cat\/escola-torreforta\/wp-json\/wp\/v2\/types\/post"}],"author":[{"embeddable":true,"href":"https:\/\/agora.xtec.cat\/escola-torreforta\/wp-json\/wp\/v2\/users\/1"}],"replies":[{"embeddable":true,"href":"https:\/\/agora.xtec.cat\/escola-torreforta\/wp-json\/wp\/v2\/comments?post=2548"}],"version-history":[{"count":3,"href":"https:\/\/agora.xtec.cat\/escola-torreforta\/wp-json\/wp\/v2\/posts\/2548\/revisions"}],"predecessor-version":[{"id":2557,"href":"https:\/\/agora.xtec.cat\/escola-torreforta\/wp-json\/wp\/v2\/posts\/2548\/revisions\/2557"}],"wp:featuredmedia":[{"embeddable":true,"href":"https:\/\/agora.xtec.cat\/escola-torreforta\/wp-json\/wp\/v2\/media\/2556"}],"wp:attachment":[{"href":"https:\/\/agora.xtec.cat\/escola-torreforta\/wp-json\/wp\/v2\/media?parent=2548"}],"wp:term":[{"taxonomy":"category","embeddable":true,"href":"https:\/\/agora.xtec.cat\/escola-torreforta\/wp-json\/wp\/v2\/categories?post=2548"},{"taxonomy":"post_tag","embeddable":true,"href":"https:\/\/agora.xtec.cat\/escola-torreforta\/wp-json\/wp\/v2\/tags?post=2548"}],"curies":[{"name":"wp","href":"https:\/\/api.w.org\/{rel}","templated":true}]}}